{"id":4081,"date":"2024-09-26T13:37:33","date_gmt":"2024-09-26T11:37:33","guid":{"rendered":"https:\/\/pablogarrigos.com\/?p=4081"},"modified":"2024-09-26T13:37:33","modified_gmt":"2024-09-26T11:37:33","slug":"naranja-sabor-y-aroma-con-esencia-mediterranea","status":"publish","type":"post","link":"https:\/\/pablogarrigos.com\/it\/naranja-sabor-y-aroma-con-esencia-mediterranea\/","title":{"rendered":"Arancia, sapore e aroma con un'essenza mediterranea"},"content":{"rendered":"<p>Lo amiamo, ne siamo abbagliati, ce ne innamoriamo. \u00c8 difficile descrivere in poche parole le sensazioni che proviamo alla <strong>arancione<\/strong>. Un cibo che la terra mediterranea ci offre a piene mani, e che in <a href=\"https:\/\/pablogarrigos.com\/it\/\" target=\"_blank\" rel=\"noopener\">Pablo Garrig\u00f3s Ib\u00e1\u00f1ez<\/a> Lo usiamo come ingrediente magico per alcuni dei nostri prodotti pi\u00f9 genuini, come il torrone.<\/p>\n<p>Se c'\u00e8 una cosa che risalta dell'arancia, \u00e8 la sua <strong>colore intenso<\/strong>. Questo agrume acquista una maggiore luminosit\u00e0 quando il sole si riflette sulla sua buccia mentre riposa sugli alberi di arancio.<\/p>\n<p>Da quella pelle possiamo anche evidenziare la sua <strong>consistenza ruvida<\/strong>ma allo stesso tempo il suo <strong>tocco morbido<\/strong>che rilassa le dita delle mani mentre le accarezza.<\/p>\n<h2>Che odore ha l'arancia?<\/h2>\n<p>E il suo odore, molti lo descrivono come indescrivibile. Ma noi osiamo attribuirgli degli aggettivi.<\/p>\n<p>Il <a href=\"https:\/\/www.directoalpaladar.com\/ingredientes-y-alimentos\/naranja-propiedades-variedades-nuestro-citrico-favorito-diez-recetas-brille\" target=\"_blank\" rel=\"noopener\">arance<\/a> \u00e8 caratterizzato dalla sua<strong> aroma dolce e rinfrescante<\/strong>Una fragranza che nasce dalla miscela di diversi composti volatili di origine naturale, tra cui spiccano i terpeni, uno dei quali \u00e8 principalmente il limonene. Questa sostanza viene estratta dall'olio delle bucce degli agrumi e conferisce loro il caratteristico profumo.<\/p>\n<p>Un altro composto che aggiunge sfumature all'aroma delle arance \u00e8 l'acetato di ottile, che si trova nella buccia del frutto, in piccole quantit\u00e0.<\/p>\n<h2>Il suo gusto<\/h2>\n<p>Naturalmente, non potevamo ignorare la <strong>sapore<\/strong>. <strong>Dolceamaro<\/strong> \u00e8 forse il termine che meglio lo definisce, ma non possiamo ignorare il tocco acido che rompe questo perfetto equilibrio.<\/p>\n<p>Indipendentemente dalle sfumature, il palato presenta un gusto piacevole ma intenso.<\/p>\n<h2>Cioccolato e arancia, due sapori perfetti l'uno per l'altro<\/h2>\n<p>Se c'\u00e8 un altro prodotto che si abbina perfettamente alle arance, \u00e8 il <strong>cioccolato<\/strong>. Qualche tempo fa in <strong>Pablo Garrig\u00f3s Ib\u00e1\u00f1ez<\/strong> abbiamo schierato tutta la nostra artiglieria artigianale e gastronomica. Abbiamo dato forma a un torrone che mescola questi due alimenti, ma a cui abbiamo aggiunto altre sfumature.<\/p>\n<p>Il <a href=\"https:\/\/pablogarrigos.com\/it\/turrones\/delicatessen\/chocolate-caramel-con-naranja-almendra-marcona-y-pistacho-delicatessen-200g\/\" target=\"_blank\" rel=\"noopener\">torrone al caramello e cioccolato con arancia candita, mandorle Marcona e pistacchi<\/a> \u00e8 uno dei nostri snack pi\u00f9 selezionati, con un carattere genuinamente gourmet, ma senza perdere l'essenza naturale e mediterranea con cui tutti ci identifichiamo.<\/p>\n<p><img fetchpriority=\"high\" decoding=\"async\" class=\"aligncenter wp-image-569 size-full\" src=\"https:\/\/pablogarrigos.com\/wp-content\/uploads\/2024\/02\/turron-chocolate-caramel-naranja-marcona-pistacho-delicatessen-200.jpg\" alt=\"Turr\u00f3n de chocolate caramel con naranja, almendra marcona y pistacho\" width=\"600\" height=\"600\" srcset=\"https:\/\/pablogarrigos.com\/wp-content\/uploads\/2024\/02\/turron-chocolate-caramel-naranja-marcona-pistacho-delicatessen-200.jpg 600w, https:\/\/pablogarrigos.com\/wp-content\/uploads\/2024\/02\/turron-chocolate-caramel-naranja-marcona-pistacho-delicatessen-200-300x300.jpg 300w, https:\/\/pablogarrigos.com\/wp-content\/uploads\/2024\/02\/turron-chocolate-caramel-naranja-marcona-pistacho-delicatessen-200-150x150.jpg 150w, https:\/\/pablogarrigos.com\/wp-content\/uploads\/2024\/02\/turron-chocolate-caramel-naranja-marcona-pistacho-delicatessen-200-100x100.jpg 100w\" sizes=\"(max-width: 600px) 100vw, 600px\" \/><\/p>\n<p>Sono allettanti anche i <a href=\"https:\/\/pablogarrigos.com\/it\/chocolates-y-fruites\/fruit-chocolates\/orangettes-chocolate-fondant-120-g\/\" target=\"_blank\" rel=\"noopener\">orangette<\/a>scorze d'arancia candite ricoperte di cioccolato.<\/p>\n<p><img decoding=\"async\" class=\"aligncenter wp-image-425 size-full\" src=\"https:\/\/pablogarrigos.com\/wp-content\/uploads\/2024\/02\/orangettes-chocolate-fondant-120.jpg\" alt=\"\" width=\"600\" height=\"600\" srcset=\"https:\/\/pablogarrigos.com\/wp-content\/uploads\/2024\/02\/orangettes-chocolate-fondant-120.jpg 600w, https:\/\/pablogarrigos.com\/wp-content\/uploads\/2024\/02\/orangettes-chocolate-fondant-120-300x300.jpg 300w, https:\/\/pablogarrigos.com\/wp-content\/uploads\/2024\/02\/orangettes-chocolate-fondant-120-150x150.jpg 150w, https:\/\/pablogarrigos.com\/wp-content\/uploads\/2024\/02\/orangettes-chocolate-fondant-120-100x100.jpg 100w\" sizes=\"(max-width: 600px) 100vw, 600px\" \/><\/p>\n<p>Vi invitiamo a provarla per scoprire, attraverso le papille gustative, come la <strong>arancia e cioccolato<\/strong> formano un'unione gastronomicamente perfetta.<\/p>\n<p>&nbsp;<\/p>","protected":false},"excerpt":{"rendered":"<p>Nos encanta, nos encandila, nos enamora. Es dif\u00edcil abarcar en pocas palabras las sensaciones que nos despiertan la naranja. Un alimento que la tierra mediterr\u00e1nea nos ofrece con la manos abiertas, y que en Pablo Garrig\u00f3s Ib\u00e1\u00f1ez aprovechamos como ingrediente m\u00e1gico para algunos de nuestros productos m\u00e1s genuinos, como el turr\u00f3n. Si algo podemos destacar [&hellip;]<\/p>\n","protected":false},"author":3,"featured_media":4082,"comment_status":"closed","ping_status":"closed","sticky":false,"template":"","format":"standard","meta":{"_acf_changed":false,"inline_featured_image":false,"footnotes":""},"categories":[1],"tags":[],"class_list":["post-4081","post","type-post","status-publish","format-standard","has-post-thumbnail","hentry","category-blog"],"acf":[],"yoast_head":"<!-- This site is optimized with the Yoast SEO plugin v27.4 - https:\/\/yoast.com\/product\/yoast-seo-wordpress\/ -->\n<title>Naranja, sabor y aroma con esencia mediterr\u00e1nea | Pablo Garrig\u00f3s Iba\u00f1ez<\/title>\n<meta name=\"description\" content=\"Naranja. Descubre su sabor y aroma y c\u00f3mo combina con el chocolate y otros sabores en nuestros turrones artesanos\" \/>\n<meta name=\"robots\" content=\"index, follow, max-snippet:-1, max-image-preview:large, max-video-preview:-1\" \/>\n<link rel=\"canonical\" href=\"https:\/\/pablogarrigos.com\/it\/naranja-sabor-y-aroma-con-esencia-mediterranea\/\" \/>\n<meta property=\"og:locale\" content=\"it_IT\" \/>\n<meta property=\"og:type\" content=\"article\" \/>\n<meta property=\"og:title\" content=\"Naranja, sabor y aroma con esencia mediterr\u00e1nea | Pablo Garrig\u00f3s Iba\u00f1ez\" \/>\n<meta property=\"og:description\" content=\"Naranja. Descubre su sabor y aroma y c\u00f3mo combina con el chocolate y otros sabores en nuestros turrones artesanos\" \/>\n<meta property=\"og:url\" content=\"https:\/\/pablogarrigos.com\/it\/naranja-sabor-y-aroma-con-esencia-mediterranea\/\" \/>\n<meta property=\"og:site_name\" content=\"Pablo Garrig\u00f3s Iba\u00f1ez\" \/>\n<meta property=\"article:published_time\" content=\"2024-09-26T11:37:33+00:00\" \/>\n<meta property=\"og:image\" content=\"https:\/\/pablogarrigos.com\/wp-content\/uploads\/2024\/09\/oranges-4794487_1280.jpg\" \/>\n\t<meta property=\"og:image:width\" content=\"1280\" \/>\n\t<meta property=\"og:image:height\" content=\"853\" \/>\n\t<meta property=\"og:image:type\" content=\"image\/jpeg\" \/>\n<meta name=\"author\" content=\"David\" \/>\n<meta name=\"twitter:card\" content=\"summary_large_image\" \/>\n<meta name=\"twitter:label1\" content=\"Scritto da\" \/>\n\t<meta name=\"twitter:data1\" content=\"David\" \/>\n\t<meta name=\"twitter:label2\" content=\"Tempo di lettura stimato\" \/>\n\t<meta name=\"twitter:data2\" content=\"3 minuti\" \/>\n<script type=\"application\/ld+json\" class=\"yoast-schema-graph\">{\"@context\":\"https:\\\/\\\/schema.org\",\"@graph\":[{\"@type\":\"Article\",\"@id\":\"https:\\\/\\\/pablogarrigos.com\\\/naranja-sabor-y-aroma-con-esencia-mediterranea\\\/#article\",\"isPartOf\":{\"@id\":\"https:\\\/\\\/pablogarrigos.com\\\/naranja-sabor-y-aroma-con-esencia-mediterranea\\\/\"},\"author\":{\"name\":\"David\",\"@id\":\"https:\\\/\\\/pablogarrigos.com\\\/#\\\/schema\\\/person\\\/7d51a93f2a2b5b41fa539ed92ae3927c\"},\"headline\":\"Naranja, sabor y aroma con esencia mediterr\u00e1nea\",\"datePublished\":\"2024-09-26T11:37:33+00:00\",\"mainEntityOfPage\":{\"@id\":\"https:\\\/\\\/pablogarrigos.com\\\/naranja-sabor-y-aroma-con-esencia-mediterranea\\\/\"},\"wordCount\":438,\"publisher\":{\"@id\":\"https:\\\/\\\/pablogarrigos.com\\\/#organization\"},\"image\":{\"@id\":\"https:\\\/\\\/pablogarrigos.com\\\/naranja-sabor-y-aroma-con-esencia-mediterranea\\\/#primaryimage\"},\"thumbnailUrl\":\"https:\\\/\\\/pablogarrigos.com\\\/wp-content\\\/uploads\\\/2024\\\/09\\\/oranges-4794487_1280.jpg\",\"articleSection\":[\"Blog\"],\"inLanguage\":\"it-IT\"},{\"@type\":\"WebPage\",\"@id\":\"https:\\\/\\\/pablogarrigos.com\\\/naranja-sabor-y-aroma-con-esencia-mediterranea\\\/\",\"url\":\"https:\\\/\\\/pablogarrigos.com\\\/naranja-sabor-y-aroma-con-esencia-mediterranea\\\/\",\"name\":\"Naranja, sabor y aroma con esencia mediterr\u00e1nea | Pablo Garrig\u00f3s Iba\u00f1ez\",\"isPartOf\":{\"@id\":\"https:\\\/\\\/pablogarrigos.com\\\/#website\"},\"primaryImageOfPage\":{\"@id\":\"https:\\\/\\\/pablogarrigos.com\\\/naranja-sabor-y-aroma-con-esencia-mediterranea\\\/#primaryimage\"},\"image\":{\"@id\":\"https:\\\/\\\/pablogarrigos.com\\\/naranja-sabor-y-aroma-con-esencia-mediterranea\\\/#primaryimage\"},\"thumbnailUrl\":\"https:\\\/\\\/pablogarrigos.com\\\/wp-content\\\/uploads\\\/2024\\\/09\\\/oranges-4794487_1280.jpg\",\"datePublished\":\"2024-09-26T11:37:33+00:00\",\"description\":\"Naranja. Descubre su sabor y aroma y c\u00f3mo combina con el chocolate y otros sabores en nuestros turrones artesanos\",\"breadcrumb\":{\"@id\":\"https:\\\/\\\/pablogarrigos.com\\\/naranja-sabor-y-aroma-con-esencia-mediterranea\\\/#breadcrumb\"},\"inLanguage\":\"it-IT\",\"potentialAction\":[{\"@type\":\"ReadAction\",\"target\":[\"https:\\\/\\\/pablogarrigos.com\\\/naranja-sabor-y-aroma-con-esencia-mediterranea\\\/\"]}]},{\"@type\":\"ImageObject\",\"inLanguage\":\"it-IT\",\"@id\":\"https:\\\/\\\/pablogarrigos.com\\\/naranja-sabor-y-aroma-con-esencia-mediterranea\\\/#primaryimage\",\"url\":\"https:\\\/\\\/pablogarrigos.com\\\/wp-content\\\/uploads\\\/2024\\\/09\\\/oranges-4794487_1280.jpg\",\"contentUrl\":\"https:\\\/\\\/pablogarrigos.com\\\/wp-content\\\/uploads\\\/2024\\\/09\\\/oranges-4794487_1280.jpg\",\"width\":1280,\"height\":853,\"caption\":\"Sabor y olor de la naranja, ingrediente nuestros turrones\"},{\"@type\":\"BreadcrumbList\",\"@id\":\"https:\\\/\\\/pablogarrigos.com\\\/naranja-sabor-y-aroma-con-esencia-mediterranea\\\/#breadcrumb\",\"itemListElement\":[{\"@type\":\"ListItem\",\"position\":1,\"name\":\"Home\",\"item\":\"https:\\\/\\\/pablogarrigos.com\\\/en\\\/\"},{\"@type\":\"ListItem\",\"position\":2,\"name\":\"Naranja, sabor y aroma con esencia mediterr\u00e1nea\"}]},{\"@type\":\"WebSite\",\"@id\":\"https:\\\/\\\/pablogarrigos.com\\\/#website\",\"url\":\"https:\\\/\\\/pablogarrigos.com\\\/\",\"name\":\"Pablo Garrig\u00f3s Iba\u00f1ez\",\"description\":\"El Sentido del Gusto\",\"publisher\":{\"@id\":\"https:\\\/\\\/pablogarrigos.com\\\/#organization\"},\"potentialAction\":[{\"@type\":\"SearchAction\",\"target\":{\"@type\":\"EntryPoint\",\"urlTemplate\":\"https:\\\/\\\/pablogarrigos.com\\\/?s={search_term_string}\"},\"query-input\":{\"@type\":\"PropertyValueSpecification\",\"valueRequired\":true,\"valueName\":\"search_term_string\"}}],\"inLanguage\":\"it-IT\"},{\"@type\":\"Organization\",\"@id\":\"https:\\\/\\\/pablogarrigos.com\\\/#organization\",\"name\":\"Pablo Garrig\u00f3s Iba\u00f1ez\",\"url\":\"https:\\\/\\\/pablogarrigos.com\\\/\",\"logo\":{\"@type\":\"ImageObject\",\"inLanguage\":\"it-IT\",\"@id\":\"https:\\\/\\\/pablogarrigos.com\\\/#\\\/schema\\\/logo\\\/image\\\/\",\"url\":\"https:\\\/\\\/pablogarrigos.com\\\/wp-content\\\/uploads\\\/2024\\\/02\\\/logo-pablogarrigos.png\",\"contentUrl\":\"https:\\\/\\\/pablogarrigos.com\\\/wp-content\\\/uploads\\\/2024\\\/02\\\/logo-pablogarrigos.png\",\"width\":1247,\"height\":480,\"caption\":\"Pablo Garrig\u00f3s Iba\u00f1ez\"},\"image\":{\"@id\":\"https:\\\/\\\/pablogarrigos.com\\\/#\\\/schema\\\/logo\\\/image\\\/\"}},{\"@type\":\"Person\",\"@id\":\"https:\\\/\\\/pablogarrigos.com\\\/#\\\/schema\\\/person\\\/7d51a93f2a2b5b41fa539ed92ae3927c\",\"name\":\"David\",\"image\":{\"@type\":\"ImageObject\",\"inLanguage\":\"it-IT\",\"@id\":\"https:\\\/\\\/secure.gravatar.com\\\/avatar\\\/a15f05b103de9feb27789c7b96f8d902aaeca93a202c78ed126332b4d8f1a949?s=96&d=mm&r=g\",\"url\":\"https:\\\/\\\/secure.gravatar.com\\\/avatar\\\/a15f05b103de9feb27789c7b96f8d902aaeca93a202c78ed126332b4d8f1a949?s=96&d=mm&r=g\",\"contentUrl\":\"https:\\\/\\\/secure.gravatar.com\\\/avatar\\\/a15f05b103de9feb27789c7b96f8d902aaeca93a202c78ed126332b4d8f1a949?s=96&d=mm&r=g\",\"caption\":\"David\"}}]}<\/script>\n<!-- \/ Yoast SEO plugin. -->","yoast_head_json":{"title":"Arancia, sapore e aroma con essenza mediterranea | Pablo Garrig\u00f3s Iba\u00f1ez","description":"Arancia. Scoprite il suo sapore e il suo aroma e come si combina con il cioccolato e altri sapori nei nostri torroni artigianali.","robots":{"index":"index","follow":"follow","max-snippet":"max-snippet:-1","max-image-preview":"max-image-preview:large","max-video-preview":"max-video-preview:-1"},"canonical":"https:\/\/pablogarrigos.com\/it\/naranja-sabor-y-aroma-con-esencia-mediterranea\/","og_locale":"it_IT","og_type":"article","og_title":"Naranja, sabor y aroma con esencia mediterr\u00e1nea | Pablo Garrig\u00f3s Iba\u00f1ez","og_description":"Naranja. Descubre su sabor y aroma y c\u00f3mo combina con el chocolate y otros sabores en nuestros turrones artesanos","og_url":"https:\/\/pablogarrigos.com\/it\/naranja-sabor-y-aroma-con-esencia-mediterranea\/","og_site_name":"Pablo Garrig\u00f3s Iba\u00f1ez","article_published_time":"2024-09-26T11:37:33+00:00","og_image":[{"width":1280,"height":853,"url":"https:\/\/pablogarrigos.com\/wp-content\/uploads\/2024\/09\/oranges-4794487_1280.jpg","type":"image\/jpeg"}],"author":"David","twitter_card":"summary_large_image","twitter_misc":{"Scritto da":"David","Tempo di lettura stimato":"3 minuti"},"schema":{"@context":"https:\/\/schema.org","@graph":[{"@type":"Article","@id":"https:\/\/pablogarrigos.com\/naranja-sabor-y-aroma-con-esencia-mediterranea\/#article","isPartOf":{"@id":"https:\/\/pablogarrigos.com\/naranja-sabor-y-aroma-con-esencia-mediterranea\/"},"author":{"name":"David","@id":"https:\/\/pablogarrigos.com\/#\/schema\/person\/7d51a93f2a2b5b41fa539ed92ae3927c"},"headline":"Naranja, sabor y aroma con esencia mediterr\u00e1nea","datePublished":"2024-09-26T11:37:33+00:00","mainEntityOfPage":{"@id":"https:\/\/pablogarrigos.com\/naranja-sabor-y-aroma-con-esencia-mediterranea\/"},"wordCount":438,"publisher":{"@id":"https:\/\/pablogarrigos.com\/#organization"},"image":{"@id":"https:\/\/pablogarrigos.com\/naranja-sabor-y-aroma-con-esencia-mediterranea\/#primaryimage"},"thumbnailUrl":"https:\/\/pablogarrigos.com\/wp-content\/uploads\/2024\/09\/oranges-4794487_1280.jpg","articleSection":["Blog"],"inLanguage":"it-IT"},{"@type":"WebPage","@id":"https:\/\/pablogarrigos.com\/naranja-sabor-y-aroma-con-esencia-mediterranea\/","url":"https:\/\/pablogarrigos.com\/naranja-sabor-y-aroma-con-esencia-mediterranea\/","name":"Arancia, sapore e aroma con essenza mediterranea | Pablo Garrig\u00f3s Iba\u00f1ez","isPartOf":{"@id":"https:\/\/pablogarrigos.com\/#website"},"primaryImageOfPage":{"@id":"https:\/\/pablogarrigos.com\/naranja-sabor-y-aroma-con-esencia-mediterranea\/#primaryimage"},"image":{"@id":"https:\/\/pablogarrigos.com\/naranja-sabor-y-aroma-con-esencia-mediterranea\/#primaryimage"},"thumbnailUrl":"https:\/\/pablogarrigos.com\/wp-content\/uploads\/2024\/09\/oranges-4794487_1280.jpg","datePublished":"2024-09-26T11:37:33+00:00","description":"Arancia. Scoprite il suo sapore e il suo aroma e come si combina con il cioccolato e altri sapori nei nostri torroni artigianali.","breadcrumb":{"@id":"https:\/\/pablogarrigos.com\/naranja-sabor-y-aroma-con-esencia-mediterranea\/#breadcrumb"},"inLanguage":"it-IT","potentialAction":[{"@type":"ReadAction","target":["https:\/\/pablogarrigos.com\/naranja-sabor-y-aroma-con-esencia-mediterranea\/"]}]},{"@type":"ImageObject","inLanguage":"it-IT","@id":"https:\/\/pablogarrigos.com\/naranja-sabor-y-aroma-con-esencia-mediterranea\/#primaryimage","url":"https:\/\/pablogarrigos.com\/wp-content\/uploads\/2024\/09\/oranges-4794487_1280.jpg","contentUrl":"https:\/\/pablogarrigos.com\/wp-content\/uploads\/2024\/09\/oranges-4794487_1280.jpg","width":1280,"height":853,"caption":"Sabor y olor de la naranja, ingrediente nuestros turrones"},{"@type":"BreadcrumbList","@id":"https:\/\/pablogarrigos.com\/naranja-sabor-y-aroma-con-esencia-mediterranea\/#breadcrumb","itemListElement":[{"@type":"ListItem","position":1,"name":"Home","item":"https:\/\/pablogarrigos.com\/en\/"},{"@type":"ListItem","position":2,"name":"Naranja, sabor y aroma con esencia mediterr\u00e1nea"}]},{"@type":"WebSite","@id":"https:\/\/pablogarrigos.com\/#website","url":"https:\/\/pablogarrigos.com\/","name":"Pablo Garrig\u00f3s Iba\u00f1ez","description":"Il senso del gusto","publisher":{"@id":"https:\/\/pablogarrigos.com\/#organization"},"potentialAction":[{"@type":"SearchAction","target":{"@type":"EntryPoint","urlTemplate":"https:\/\/pablogarrigos.com\/?s={search_term_string}"},"query-input":{"@type":"PropertyValueSpecification","valueRequired":true,"valueName":"search_term_string"}}],"inLanguage":"it-IT"},{"@type":"Organization","@id":"https:\/\/pablogarrigos.com\/#organization","name":"Pablo Garrig\u00f3s Iba\u00f1ez","url":"https:\/\/pablogarrigos.com\/","logo":{"@type":"ImageObject","inLanguage":"it-IT","@id":"https:\/\/pablogarrigos.com\/#\/schema\/logo\/image\/","url":"https:\/\/pablogarrigos.com\/wp-content\/uploads\/2024\/02\/logo-pablogarrigos.png","contentUrl":"https:\/\/pablogarrigos.com\/wp-content\/uploads\/2024\/02\/logo-pablogarrigos.png","width":1247,"height":480,"caption":"Pablo Garrig\u00f3s Iba\u00f1ez"},"image":{"@id":"https:\/\/pablogarrigos.com\/#\/schema\/logo\/image\/"}},{"@type":"Person","@id":"https:\/\/pablogarrigos.com\/#\/schema\/person\/7d51a93f2a2b5b41fa539ed92ae3927c","name":"Davide","image":{"@type":"ImageObject","inLanguage":"it-IT","@id":"https:\/\/secure.gravatar.com\/avatar\/a15f05b103de9feb27789c7b96f8d902aaeca93a202c78ed126332b4d8f1a949?s=96&d=mm&r=g","url":"https:\/\/secure.gravatar.com\/avatar\/a15f05b103de9feb27789c7b96f8d902aaeca93a202c78ed126332b4d8f1a949?s=96&d=mm&r=g","contentUrl":"https:\/\/secure.gravatar.com\/avatar\/a15f05b103de9feb27789c7b96f8d902aaeca93a202c78ed126332b4d8f1a949?s=96&d=mm&r=g","caption":"David"}}]}},"_links":{"self":[{"href":"https:\/\/pablogarrigos.com\/it\/wp-json\/wp\/v2\/posts\/4081","targetHints":{"allow":["GET"]}}],"collection":[{"href":"https:\/\/pablogarrigos.com\/it\/wp-json\/wp\/v2\/posts"}],"about":[{"href":"https:\/\/pablogarrigos.com\/it\/wp-json\/wp\/v2\/types\/post"}],"author":[{"embeddable":true,"href":"https:\/\/pablogarrigos.com\/it\/wp-json\/wp\/v2\/users\/3"}],"replies":[{"embeddable":true,"href":"https:\/\/pablogarrigos.com\/it\/wp-json\/wp\/v2\/comments?post=4081"}],"version-history":[{"count":3,"href":"https:\/\/pablogarrigos.com\/it\/wp-json\/wp\/v2\/posts\/4081\/revisions"}],"predecessor-version":[{"id":4085,"href":"https:\/\/pablogarrigos.com\/it\/wp-json\/wp\/v2\/posts\/4081\/revisions\/4085"}],"wp:featuredmedia":[{"embeddable":true,"href":"https:\/\/pablogarrigos.com\/it\/wp-json\/wp\/v2\/media\/4082"}],"wp:attachment":[{"href":"https:\/\/pablogarrigos.com\/it\/wp-json\/wp\/v2\/media?parent=4081"}],"wp:term":[{"taxonomy":"category","embeddable":true,"href":"https:\/\/pablogarrigos.com\/it\/wp-json\/wp\/v2\/categories?post=4081"},{"taxonomy":"post_tag","embeddable":true,"href":"https:\/\/pablogarrigos.com\/it\/wp-json\/wp\/v2\/tags?post=4081"}],"curies":[{"name":"wp","href":"https:\/\/api.w.org\/{rel}","templated":true}]}}