{"id":1384,"date":"2024-01-18T12:50:34","date_gmt":"2024-01-18T11:50:34","guid":{"rendered":"https:\/\/pablogarrigos.com\/inspirate-en-la-cocina-con-este-delicioso-tartar-de-atun-con-turron\/"},"modified":"2024-01-18T12:50:34","modified_gmt":"2024-01-18T11:50:34","slug":"inspirate-en-la-cocina-con-este-delicioso-tartar-de-atun-con-turron","status":"publish","type":"post","link":"https:\/\/pablogarrigos.com\/it\/inspirate-en-la-cocina-con-este-delicioso-tartar-de-atun-con-turron\/","title":{"rendered":"Lasciatevi ispirare in cucina da questa deliziosa tartara di tonno con torrone."},"content":{"rendered":"<p>Per i palati pi\u00f9 conservatori, la fusione delle <b>torrone<\/b> e il <b>tonno<\/b> in un <b>tartaro<\/b> pu\u00f2 essere inspiegabile. Fortunatamente, la gastronomia avanza a passi da gigante. Gli chef di oggi ci propongono costantemente ricette innovative che, prima o poi, finiscono per entrare a far parte del nostro immaginario culinario.<\/p>\n<p>Una di queste proposte di ristrutturazione \u00e8 quella offerta dallo chef <a href=\"https:\/\/www.instagram.com\/santi_monkey\/\" target=\"_blank\" rel=\"noopener\">Santi G\u00f3mez<\/a>. Questo \u00e8 il <b>tartara di tonno e pere<\/b> con <b>Torrone di Alicante<\/b> da <a href=\"https:\/\/pablogarrigos.com\/es\/\" target=\"_blank\" rel=\"noopener\">Pablo Garrig\u00f3s Ib\u00e1\u00f1ez<\/a>.<\/p>\n<p>Il <a href=\"https:\/\/www.xlsemanal.com\/estilo\/gourmet\/20201203\/tartar-recetas-tipos-pescado-carne-verduras-origen.html\">tartaro<\/a>Oggi \u00e8 diventato uno dei piatti pi\u00f9 popolari se si va a mangiare in un ristorante elegante. Pu\u00f2 essere un piatto principale o servito come antipasto.<\/p>\n<p>Si tratta di una ricetta che consiste essenzialmente nel tritare a coltello un ingrediente non cotto, che viene poi condito e mescolato con altri ingredienti.<\/p>\n<p>In questo caso, l'ingrediente protagonista \u00e8 il <b>tonno<\/b>. Lo chef combiner\u00e0 il sapore fresco di questo pesce mediterraneo con l'aggiunta del fruttato della pera e il tocco croccante delle <b>Torrone di Alicante<\/b>.<\/p>\n<h2>Come preparare la ricetta della tartara di tonno con torrone e pere<\/h2>\n<p>Se avete voglia di seguire la ricetta per deliziare la vostra famiglia e i vostri amici con le vostre abilit\u00e0 culinarie, ecco tutti gli ingredienti che vi servono per preparare il <b>Tartare di tonno con torrone di Alicante e pere<\/b>:<\/p>\n<ul>\n<li>Tonno<\/li>\n<li>Cipolla tritata<\/li>\n<li>Salsa di soia<\/li>\n<li>Olio d'oliva<\/li>\n<li>Miele di fiori d'arancio<\/li>\n<li>Jenjibre<\/li>\n<li>Aglio<\/li>\n<li>Pera<\/li>\n<li>Torrone di Alicante<\/li>\n<\/ul>\n<p>In questo video potete vedere la ricetta passo-passo di Santi G\u00f3mez, il nostro capo chef:<\/p>\n<p><iframe title=\"Tartara di tonno e pere con torrone di Alicante di Pablo Garrig\u00f3s Ib\u00e1\u00f1ez\" width=\"800\" height=\"450\" src=\"https:\/\/www.youtube.com\/embed\/ACDApknMG-s?feature=oembed\" frameborder=\"0\" allow=\"accelerometer; autoplay; clipboard-write; encrypted-media; gyroscope; picture-in-picture; web-share\" allowfullscreen><\/iframe><\/p>\n<p>Indubbiamente, il <b>Tartare di tonno con torrone di Alicante e pere<\/b> \u00e8 un piatto che merita un posto di rilievo nei menu dei ristoranti pi\u00f9 raffinati. Ma \u00e8 anche un piatto ideale da condividere a casa e da gustare in qualsiasi occasione, perch\u00e9 \u00e8 molto facile da preparare.<\/p>","protected":false},"excerpt":{"rendered":"<p>Para los paladares m\u00e1s conservadores, fusionar el turr\u00f3n y el at\u00fan en un tartar puede ser algo inexplicable. Por suerte, la gastronom\u00eda avanza a pasos agigantados. Los chefs actuales nos ofrecen continuamente recetas innovadoras que, antes o despu\u00e9s, acaban por formar parte de nuestro imaginario culinario. Una de esas propuestas renovadoras es la que nos [&hellip;]<\/p>\n","protected":false},"author":2,"featured_media":1385,"comment_status":"open","ping_status":"open","sticky":false,"template":"","format":"standard","meta":{"_acf_changed":false,"inline_featured_image":false,"footnotes":""},"categories":[1,89,123],"tags":[],"class_list":["post-1384","post","type-post","status-publish","format-standard","has-post-thumbnail","hentry","category-blog","category-gastronomia","category-nuestro-blog"],"acf":[],"yoast_head":"<!-- This site is optimized with the Yoast SEO plugin v27.4 - https:\/\/yoast.com\/product\/yoast-seo-wordpress\/ -->\n<title>Insp\u00edrate en la cocina con este delicioso tartar de at\u00fan con turr\u00f3n | Pablo Garrig\u00f3s Iba\u00f1ez<\/title>\n<meta name=\"description\" content=\"Sigue paso a paso la receta para hacer un rico tartar de at\u00fan con turr\u00f3n de Alicante y pera. F\u00e1cil de seguir, y de servir en la mesa\" \/>\n<meta name=\"robots\" content=\"index, follow, max-snippet:-1, max-image-preview:large, max-video-preview:-1\" \/>\n<link rel=\"canonical\" href=\"https:\/\/pablogarrigos.com\/it\/inspirate-en-la-cocina-con-este-delicioso-tartar-de-atun-con-turron\/\" \/>\n<meta property=\"og:locale\" content=\"it_IT\" \/>\n<meta property=\"og:type\" content=\"article\" \/>\n<meta property=\"og:title\" content=\"Insp\u00edrate en la cocina con este delicioso tartar de at\u00fan con turr\u00f3n | Pablo Garrig\u00f3s Iba\u00f1ez\" \/>\n<meta property=\"og:description\" content=\"Sigue paso a paso la receta para hacer un rico tartar de at\u00fan con turr\u00f3n de Alicante y pera. F\u00e1cil de seguir, y de servir en la mesa\" \/>\n<meta property=\"og:url\" content=\"https:\/\/pablogarrigos.com\/it\/inspirate-en-la-cocina-con-este-delicioso-tartar-de-atun-con-turron\/\" \/>\n<meta property=\"og:site_name\" content=\"Pablo Garrig\u00f3s Iba\u00f1ez\" \/>\n<meta property=\"article:published_time\" content=\"2024-01-18T11:50:34+00:00\" \/>\n<meta property=\"og:image\" content=\"https:\/\/pablogarrigos.com\/wp-content\/uploads\/2024\/02\/tartar_atun_pera-1024x768-1.jpg\" \/>\n\t<meta property=\"og:image:width\" content=\"1024\" \/>\n\t<meta property=\"og:image:height\" content=\"768\" \/>\n\t<meta property=\"og:image:type\" content=\"image\/jpeg\" \/>\n<meta name=\"author\" content=\"Gemma\" \/>\n<meta name=\"twitter:card\" content=\"summary_large_image\" \/>\n<meta name=\"twitter:label1\" content=\"Scritto da\" \/>\n\t<meta name=\"twitter:data1\" content=\"Gemma\" \/>\n\t<meta name=\"twitter:label2\" content=\"Tempo di lettura stimato\" \/>\n\t<meta name=\"twitter:data2\" content=\"2 minuti\" \/>\n<script type=\"application\/ld+json\" class=\"yoast-schema-graph\">{\"@context\":\"https:\\\/\\\/schema.org\",\"@graph\":[{\"@type\":\"NewsArticle\",\"@id\":\"https:\\\/\\\/pablogarrigos.com\\\/inspirate-en-la-cocina-con-este-delicioso-tartar-de-atun-con-turron\\\/#article\",\"isPartOf\":{\"@id\":\"https:\\\/\\\/pablogarrigos.com\\\/inspirate-en-la-cocina-con-este-delicioso-tartar-de-atun-con-turron\\\/\"},\"author\":{\"name\":\"Gemma\",\"@id\":\"https:\\\/\\\/pablogarrigos.com\\\/#\\\/schema\\\/person\\\/0744f9f2c2818aabadd4e72d201c485a\"},\"headline\":\"Insp\u00edrate en la cocina con este delicioso tartar de at\u00fan con turr\u00f3n\",\"datePublished\":\"2024-01-18T11:50:34+00:00\",\"mainEntityOfPage\":{\"@id\":\"https:\\\/\\\/pablogarrigos.com\\\/inspirate-en-la-cocina-con-este-delicioso-tartar-de-atun-con-turron\\\/\"},\"wordCount\":377,\"commentCount\":0,\"publisher\":{\"@id\":\"https:\\\/\\\/pablogarrigos.com\\\/#organization\"},\"image\":{\"@id\":\"https:\\\/\\\/pablogarrigos.com\\\/inspirate-en-la-cocina-con-este-delicioso-tartar-de-atun-con-turron\\\/#primaryimage\"},\"thumbnailUrl\":\"https:\\\/\\\/pablogarrigos.com\\\/wp-content\\\/uploads\\\/2024\\\/02\\\/tartar_atun_pera-1024x768-1.jpg\",\"articleSection\":[\"Blog\",\"Gastronom\u00eda\",\"Nuestro blog\"],\"inLanguage\":\"it-IT\"},{\"@type\":[\"WebPage\",\"ItemPage\"],\"@id\":\"https:\\\/\\\/pablogarrigos.com\\\/inspirate-en-la-cocina-con-este-delicioso-tartar-de-atun-con-turron\\\/\",\"url\":\"https:\\\/\\\/pablogarrigos.com\\\/inspirate-en-la-cocina-con-este-delicioso-tartar-de-atun-con-turron\\\/\",\"name\":\"Insp\u00edrate en la cocina con este delicioso tartar de at\u00fan con turr\u00f3n | Pablo Garrig\u00f3s Iba\u00f1ez\",\"isPartOf\":{\"@id\":\"https:\\\/\\\/pablogarrigos.com\\\/#website\"},\"primaryImageOfPage\":{\"@id\":\"https:\\\/\\\/pablogarrigos.com\\\/inspirate-en-la-cocina-con-este-delicioso-tartar-de-atun-con-turron\\\/#primaryimage\"},\"image\":{\"@id\":\"https:\\\/\\\/pablogarrigos.com\\\/inspirate-en-la-cocina-con-este-delicioso-tartar-de-atun-con-turron\\\/#primaryimage\"},\"thumbnailUrl\":\"https:\\\/\\\/pablogarrigos.com\\\/wp-content\\\/uploads\\\/2024\\\/02\\\/tartar_atun_pera-1024x768-1.jpg\",\"datePublished\":\"2024-01-18T11:50:34+00:00\",\"description\":\"Sigue paso a paso la receta para hacer un rico tartar de at\u00fan con turr\u00f3n de Alicante y pera. F\u00e1cil de seguir, y de servir en la mesa\",\"breadcrumb\":{\"@id\":\"https:\\\/\\\/pablogarrigos.com\\\/inspirate-en-la-cocina-con-este-delicioso-tartar-de-atun-con-turron\\\/#breadcrumb\"},\"inLanguage\":\"it-IT\",\"potentialAction\":[{\"@type\":\"ReadAction\",\"target\":[\"https:\\\/\\\/pablogarrigos.com\\\/inspirate-en-la-cocina-con-este-delicioso-tartar-de-atun-con-turron\\\/\"]}]},{\"@type\":\"ImageObject\",\"inLanguage\":\"it-IT\",\"@id\":\"https:\\\/\\\/pablogarrigos.com\\\/inspirate-en-la-cocina-con-este-delicioso-tartar-de-atun-con-turron\\\/#primaryimage\",\"url\":\"https:\\\/\\\/pablogarrigos.com\\\/wp-content\\\/uploads\\\/2024\\\/02\\\/tartar_atun_pera-1024x768-1.jpg\",\"contentUrl\":\"https:\\\/\\\/pablogarrigos.com\\\/wp-content\\\/uploads\\\/2024\\\/02\\\/tartar_atun_pera-1024x768-1.jpg\",\"width\":1024,\"height\":768,\"caption\":\"Receta de tartar de at\u00fan con turr\u00f3n de Alicante y pera\"},{\"@type\":\"BreadcrumbList\",\"@id\":\"https:\\\/\\\/pablogarrigos.com\\\/inspirate-en-la-cocina-con-este-delicioso-tartar-de-atun-con-turron\\\/#breadcrumb\",\"itemListElement\":[{\"@type\":\"ListItem\",\"position\":1,\"name\":\"Home\",\"item\":\"https:\\\/\\\/pablogarrigos.com\\\/en\\\/\"},{\"@type\":\"ListItem\",\"position\":2,\"name\":\"Insp\u00edrate en la cocina con este delicioso tartar de at\u00fan con turr\u00f3n\"}]},{\"@type\":\"WebSite\",\"@id\":\"https:\\\/\\\/pablogarrigos.com\\\/#website\",\"url\":\"https:\\\/\\\/pablogarrigos.com\\\/\",\"name\":\"Pablo Garrig\u00f3s Iba\u00f1ez\",\"description\":\"El Sentido del Gusto\",\"publisher\":{\"@id\":\"https:\\\/\\\/pablogarrigos.com\\\/#organization\"},\"potentialAction\":[{\"@type\":\"SearchAction\",\"target\":{\"@type\":\"EntryPoint\",\"urlTemplate\":\"https:\\\/\\\/pablogarrigos.com\\\/?s={search_term_string}\"},\"query-input\":{\"@type\":\"PropertyValueSpecification\",\"valueRequired\":true,\"valueName\":\"search_term_string\"}}],\"inLanguage\":\"it-IT\"},{\"@type\":\"Organization\",\"@id\":\"https:\\\/\\\/pablogarrigos.com\\\/#organization\",\"name\":\"Pablo Garrig\u00f3s Iba\u00f1ez\",\"url\":\"https:\\\/\\\/pablogarrigos.com\\\/\",\"logo\":{\"@type\":\"ImageObject\",\"inLanguage\":\"it-IT\",\"@id\":\"https:\\\/\\\/pablogarrigos.com\\\/#\\\/schema\\\/logo\\\/image\\\/\",\"url\":\"https:\\\/\\\/pablogarrigos.com\\\/wp-content\\\/uploads\\\/2024\\\/02\\\/logo-pablogarrigos.png\",\"contentUrl\":\"https:\\\/\\\/pablogarrigos.com\\\/wp-content\\\/uploads\\\/2024\\\/02\\\/logo-pablogarrigos.png\",\"width\":1247,\"height\":480,\"caption\":\"Pablo Garrig\u00f3s Iba\u00f1ez\"},\"image\":{\"@id\":\"https:\\\/\\\/pablogarrigos.com\\\/#\\\/schema\\\/logo\\\/image\\\/\"}},{\"@type\":\"Person\",\"@id\":\"https:\\\/\\\/pablogarrigos.com\\\/#\\\/schema\\\/person\\\/0744f9f2c2818aabadd4e72d201c485a\",\"name\":\"Gemma\",\"image\":{\"@type\":\"ImageObject\",\"inLanguage\":\"it-IT\",\"@id\":\"https:\\\/\\\/secure.gravatar.com\\\/avatar\\\/91ad8c4cfbf490fb4e004597a378257d90d75632352dedb095b1d494d6189c6c?s=96&d=mm&r=g\",\"url\":\"https:\\\/\\\/secure.gravatar.com\\\/avatar\\\/91ad8c4cfbf490fb4e004597a378257d90d75632352dedb095b1d494d6189c6c?s=96&d=mm&r=g\",\"contentUrl\":\"https:\\\/\\\/secure.gravatar.com\\\/avatar\\\/91ad8c4cfbf490fb4e004597a378257d90d75632352dedb095b1d494d6189c6c?s=96&d=mm&r=g\",\"caption\":\"Gemma\"}}]}<\/script>\n<!-- \/ Yoast SEO plugin. -->","yoast_head_json":{"title":"Lasciatevi ispirare in cucina da questa deliziosa tartare di tonno con torrone : Pablo Garrig\u00f3s Iba\u00f1ez","description":"Seguite la ricetta passo passo per preparare una gustosa tartara di tonno con torrone di Alicante e pera. Facile da seguire e da servire in tavola.","robots":{"index":"index","follow":"follow","max-snippet":"max-snippet:-1","max-image-preview":"max-image-preview:large","max-video-preview":"max-video-preview:-1"},"canonical":"https:\/\/pablogarrigos.com\/it\/inspirate-en-la-cocina-con-este-delicioso-tartar-de-atun-con-turron\/","og_locale":"it_IT","og_type":"article","og_title":"Insp\u00edrate en la cocina con este delicioso tartar de at\u00fan con turr\u00f3n | Pablo Garrig\u00f3s Iba\u00f1ez","og_description":"Sigue paso a paso la receta para hacer un rico tartar de at\u00fan con turr\u00f3n de Alicante y pera. F\u00e1cil de seguir, y de servir en la mesa","og_url":"https:\/\/pablogarrigos.com\/it\/inspirate-en-la-cocina-con-este-delicioso-tartar-de-atun-con-turron\/","og_site_name":"Pablo Garrig\u00f3s Iba\u00f1ez","article_published_time":"2024-01-18T11:50:34+00:00","og_image":[{"width":1024,"height":768,"url":"https:\/\/pablogarrigos.com\/wp-content\/uploads\/2024\/02\/tartar_atun_pera-1024x768-1.jpg","type":"image\/jpeg"}],"author":"Gemma","twitter_card":"summary_large_image","twitter_misc":{"Scritto da":"Gemma","Tempo di lettura stimato":"2 minuti"},"schema":{"@context":"https:\/\/schema.org","@graph":[{"@type":"NewsArticle","@id":"https:\/\/pablogarrigos.com\/inspirate-en-la-cocina-con-este-delicioso-tartar-de-atun-con-turron\/#article","isPartOf":{"@id":"https:\/\/pablogarrigos.com\/inspirate-en-la-cocina-con-este-delicioso-tartar-de-atun-con-turron\/"},"author":{"name":"Gemma","@id":"https:\/\/pablogarrigos.com\/#\/schema\/person\/0744f9f2c2818aabadd4e72d201c485a"},"headline":"Insp\u00edrate en la cocina con este delicioso tartar de at\u00fan con turr\u00f3n","datePublished":"2024-01-18T11:50:34+00:00","mainEntityOfPage":{"@id":"https:\/\/pablogarrigos.com\/inspirate-en-la-cocina-con-este-delicioso-tartar-de-atun-con-turron\/"},"wordCount":377,"commentCount":0,"publisher":{"@id":"https:\/\/pablogarrigos.com\/#organization"},"image":{"@id":"https:\/\/pablogarrigos.com\/inspirate-en-la-cocina-con-este-delicioso-tartar-de-atun-con-turron\/#primaryimage"},"thumbnailUrl":"https:\/\/pablogarrigos.com\/wp-content\/uploads\/2024\/02\/tartar_atun_pera-1024x768-1.jpg","articleSection":["Blog","Gastronom\u00eda","Nuestro blog"],"inLanguage":"it-IT"},{"@type":["WebPage","ItemPage"],"@id":"https:\/\/pablogarrigos.com\/inspirate-en-la-cocina-con-este-delicioso-tartar-de-atun-con-turron\/","url":"https:\/\/pablogarrigos.com\/inspirate-en-la-cocina-con-este-delicioso-tartar-de-atun-con-turron\/","name":"Lasciatevi ispirare in cucina da questa deliziosa tartare di tonno con torrone : Pablo Garrig\u00f3s Iba\u00f1ez","isPartOf":{"@id":"https:\/\/pablogarrigos.com\/#website"},"primaryImageOfPage":{"@id":"https:\/\/pablogarrigos.com\/inspirate-en-la-cocina-con-este-delicioso-tartar-de-atun-con-turron\/#primaryimage"},"image":{"@id":"https:\/\/pablogarrigos.com\/inspirate-en-la-cocina-con-este-delicioso-tartar-de-atun-con-turron\/#primaryimage"},"thumbnailUrl":"https:\/\/pablogarrigos.com\/wp-content\/uploads\/2024\/02\/tartar_atun_pera-1024x768-1.jpg","datePublished":"2024-01-18T11:50:34+00:00","description":"Seguite la ricetta passo passo per preparare una gustosa tartara di tonno con torrone di Alicante e pera. Facile da seguire e da servire in tavola.","breadcrumb":{"@id":"https:\/\/pablogarrigos.com\/inspirate-en-la-cocina-con-este-delicioso-tartar-de-atun-con-turron\/#breadcrumb"},"inLanguage":"it-IT","potentialAction":[{"@type":"ReadAction","target":["https:\/\/pablogarrigos.com\/inspirate-en-la-cocina-con-este-delicioso-tartar-de-atun-con-turron\/"]}]},{"@type":"ImageObject","inLanguage":"it-IT","@id":"https:\/\/pablogarrigos.com\/inspirate-en-la-cocina-con-este-delicioso-tartar-de-atun-con-turron\/#primaryimage","url":"https:\/\/pablogarrigos.com\/wp-content\/uploads\/2024\/02\/tartar_atun_pera-1024x768-1.jpg","contentUrl":"https:\/\/pablogarrigos.com\/wp-content\/uploads\/2024\/02\/tartar_atun_pera-1024x768-1.jpg","width":1024,"height":768,"caption":"Receta de tartar de at\u00fan con turr\u00f3n de Alicante y pera"},{"@type":"BreadcrumbList","@id":"https:\/\/pablogarrigos.com\/inspirate-en-la-cocina-con-este-delicioso-tartar-de-atun-con-turron\/#breadcrumb","itemListElement":[{"@type":"ListItem","position":1,"name":"Home","item":"https:\/\/pablogarrigos.com\/en\/"},{"@type":"ListItem","position":2,"name":"Insp\u00edrate en la cocina con este delicioso tartar de at\u00fan con turr\u00f3n"}]},{"@type":"WebSite","@id":"https:\/\/pablogarrigos.com\/#website","url":"https:\/\/pablogarrigos.com\/","name":"Pablo Garrig\u00f3s Iba\u00f1ez","description":"Il senso del gusto","publisher":{"@id":"https:\/\/pablogarrigos.com\/#organization"},"potentialAction":[{"@type":"SearchAction","target":{"@type":"EntryPoint","urlTemplate":"https:\/\/pablogarrigos.com\/?s={search_term_string}"},"query-input":{"@type":"PropertyValueSpecification","valueRequired":true,"valueName":"search_term_string"}}],"inLanguage":"it-IT"},{"@type":"Organization","@id":"https:\/\/pablogarrigos.com\/#organization","name":"Pablo Garrig\u00f3s Iba\u00f1ez","url":"https:\/\/pablogarrigos.com\/","logo":{"@type":"ImageObject","inLanguage":"it-IT","@id":"https:\/\/pablogarrigos.com\/#\/schema\/logo\/image\/","url":"https:\/\/pablogarrigos.com\/wp-content\/uploads\/2024\/02\/logo-pablogarrigos.png","contentUrl":"https:\/\/pablogarrigos.com\/wp-content\/uploads\/2024\/02\/logo-pablogarrigos.png","width":1247,"height":480,"caption":"Pablo Garrig\u00f3s Iba\u00f1ez"},"image":{"@id":"https:\/\/pablogarrigos.com\/#\/schema\/logo\/image\/"}},{"@type":"Person","@id":"https:\/\/pablogarrigos.com\/#\/schema\/person\/0744f9f2c2818aabadd4e72d201c485a","name":"Gemma","image":{"@type":"ImageObject","inLanguage":"it-IT","@id":"https:\/\/secure.gravatar.com\/avatar\/91ad8c4cfbf490fb4e004597a378257d90d75632352dedb095b1d494d6189c6c?s=96&d=mm&r=g","url":"https:\/\/secure.gravatar.com\/avatar\/91ad8c4cfbf490fb4e004597a378257d90d75632352dedb095b1d494d6189c6c?s=96&d=mm&r=g","contentUrl":"https:\/\/secure.gravatar.com\/avatar\/91ad8c4cfbf490fb4e004597a378257d90d75632352dedb095b1d494d6189c6c?s=96&d=mm&r=g","caption":"Gemma"}}]}},"_links":{"self":[{"href":"https:\/\/pablogarrigos.com\/it\/wp-json\/wp\/v2\/posts\/1384","targetHints":{"allow":["GET"]}}],"collection":[{"href":"https:\/\/pablogarrigos.com\/it\/wp-json\/wp\/v2\/posts"}],"about":[{"href":"https:\/\/pablogarrigos.com\/it\/wp-json\/wp\/v2\/types\/post"}],"author":[{"embeddable":true,"href":"https:\/\/pablogarrigos.com\/it\/wp-json\/wp\/v2\/users\/2"}],"replies":[{"embeddable":true,"href":"https:\/\/pablogarrigos.com\/it\/wp-json\/wp\/v2\/comments?post=1384"}],"version-history":[{"count":0,"href":"https:\/\/pablogarrigos.com\/it\/wp-json\/wp\/v2\/posts\/1384\/revisions"}],"wp:featuredmedia":[{"embeddable":true,"href":"https:\/\/pablogarrigos.com\/it\/wp-json\/wp\/v2\/media\/1385"}],"wp:attachment":[{"href":"https:\/\/pablogarrigos.com\/it\/wp-json\/wp\/v2\/media?parent=1384"}],"wp:term":[{"taxonomy":"category","embeddable":true,"href":"https:\/\/pablogarrigos.com\/it\/wp-json\/wp\/v2\/categories?post=1384"},{"taxonomy":"post_tag","embeddable":true,"href":"https:\/\/pablogarrigos.com\/it\/wp-json\/wp\/v2\/tags?post=1384"}],"curies":[{"name":"wp","href":"https:\/\/api.w.org\/{rel}","templated":true}]}}