{"id":4033,"date":"2024-06-26T14:05:16","date_gmt":"2024-06-26T12:05:16","guid":{"rendered":"https:\/\/pablogarrigos.com\/?p=4033"},"modified":"2024-06-26T14:05:16","modified_gmt":"2024-06-26T12:05:16","slug":"dulces-y-chocolates-para-un-verano-inolvidable-y-gourmet","status":"publish","type":"post","link":"https:\/\/pablogarrigos.com\/fr\/dulces-y-chocolates-para-un-verano-inolvidable-y-gourmet\/","title":{"rendered":"Sucreries et chocolats pour un \u00e9t\u00e9 inoubliable et gourmand"},"content":{"rendered":"<p>Les <strong>\u00e9t\u00e9 <\/strong>est d\u00e9j\u00e0 l\u00e0. Il a frapp\u00e9 \u00e0 la porte et veut entrer dans nos maisons et nos vies avec sa chaleur refl\u00e9t\u00e9e par le soleil \u00e9clatant et la lumi\u00e8re naturelle de l'horizon lointain sur la mer. \u00c0 <a href=\"https:\/\/pablogarrigos.com\/fr\/\" target=\"_blank\" rel=\"noopener\">Pablo Garrig\u00f3s Ib\u00e1\u00f1ez<\/a> nous avons d\u00e9cid\u00e9 d'en savourer chaque instant. Et nous voulons partager ce plaisir avec vous et avec cette s\u00e9lection d\u00e9taill\u00e9e de <strong>sucreries et chocolats id\u00e9aux pour la saison estivale<\/strong>.<\/p>\n<p>Pour nous, la p\u00e9riode estivale n'est pas seulement l'occasion de profiter de la plage, de bronzer ou de se rafra\u00eechir dans l'eau. C'est aussi une date que nous marquons dans le calendrier pour donner \u00e0 notre sens du go\u00fbt une touche d'attention avec des propositions que nous pouvons appr\u00e9cier. <strong>gastronomique<\/strong> que nous avons dans notre catalogue.<\/p>\n<h2>Fruit\u00e9s<\/h2>\n<p>Authentique <a href=\"https:\/\/pablogarrigos.com\/fr\/chocolates-y-fruites\/fruites-8-variedades-250-g\/\" target=\"_blank\" rel=\"noopener\">fruit\u00e9s<\/a>pi\u00e8ces s\u00e9lectionn\u00e9es \u00e0 partir de <strong>pulpe naturelle de prune, de framboise, de fraise, de pomme verte, de p\u00eache, de mandarine, d'ananas et de raisin<\/strong>. Ils sont comme un parfum frais, parfait pour accompagner un bon cocktail.<\/p>\n<p>&nbsp;<\/p>\n<p><img fetchpriority=\"high\" decoding=\"async\" class=\"aligncenter wp-image-1494 size-large\" src=\"https:\/\/pablogarrigos.com\/wp-content\/uploads\/2024\/02\/nosotros-principal-inferior-1024x412.jpg\" alt=\"\" width=\"800\" height=\"322\" srcset=\"https:\/\/pablogarrigos.com\/wp-content\/uploads\/2024\/02\/nosotros-principal-inferior-1024x412.jpg 1024w, https:\/\/pablogarrigos.com\/wp-content\/uploads\/2024\/02\/nosotros-principal-inferior-300x121.jpg 300w, https:\/\/pablogarrigos.com\/wp-content\/uploads\/2024\/02\/nosotros-principal-inferior-768x309.jpg 768w, https:\/\/pablogarrigos.com\/wp-content\/uploads\/2024\/02\/nosotros-principal-inferior-1536x618.jpg 1536w, https:\/\/pablogarrigos.com\/wp-content\/uploads\/2024\/02\/nosotros-principal-inferior-600x242.jpg 600w, https:\/\/pablogarrigos.com\/wp-content\/uploads\/2024\/02\/nosotros-principal-inferior.jpg 1920w\" sizes=\"(max-width: 800px) 100vw, 800px\" \/><\/p>\n<h2>Moments chocolat\u00e9s<\/h2>\n<p>La vie est faite de petits moments qui restent des souvenirs. Et vous vous souviendrez toujours de l'\u00e9t\u00e9 que vous avez adouci avec notre <a href=\"https:\/\/pablogarrigos.com\/fr\/chocolates-y-fruites\/fruit-chocolates\/chocolate-moments-3-variedades-135gr\/\" target=\"_blank\" rel=\"noopener\">Moments chocolat\u00e9s<\/a>inspir\u00e9 de la tradition belge.<\/p>\n<p><strong>Le chocolat noir, le chocolat blanc et le chocolat au lait sont les trois saveurs du chocolat.<\/strong> Les pi\u00e8ces de monnaie sont utilis\u00e9es pour fabriquer ces petites pi\u00e8ces qui, \u00e0 leur tour, sont fabriqu\u00e9es \u00e0 partir de pi\u00e8ces de monnaie.<strong> assaisonn\u00e9 de<\/strong> <strong>fruits secs naturels et noix<\/strong>.<\/p>\n<p><img decoding=\"async\" class=\"aligncenter wp-image-1377 size-large\" src=\"https:\/\/pablogarrigos.com\/wp-content\/uploads\/2024\/02\/Chocolate-Moments-2023_09-2-1024x683.jpg\" alt=\"Chocolate moments\" width=\"800\" height=\"534\" srcset=\"https:\/\/pablogarrigos.com\/wp-content\/uploads\/2024\/02\/Chocolate-Moments-2023_09-2-1024x683.jpg 1024w, https:\/\/pablogarrigos.com\/wp-content\/uploads\/2024\/02\/Chocolate-Moments-2023_09-2-300x200.jpg 300w, https:\/\/pablogarrigos.com\/wp-content\/uploads\/2024\/02\/Chocolate-Moments-2023_09-2-768x512.jpg 768w, https:\/\/pablogarrigos.com\/wp-content\/uploads\/2024\/02\/Chocolate-Moments-2023_09-2-1536x1024.jpg 1536w, https:\/\/pablogarrigos.com\/wp-content\/uploads\/2024\/02\/Chocolate-Moments-2023_09-2-2048x1365.jpg 2048w, https:\/\/pablogarrigos.com\/wp-content\/uploads\/2024\/02\/Chocolate-Moments-2023_09-2-600x400.jpg 600w\" sizes=\"(max-width: 800px) 100vw, 800px\" \/><\/p>\n<h2>Chocolat Vintage au citron et au caramel<\/h2>\n<p>Le citron est l'un des agrumes qui se marient parfaitement avec le chocolat, apportant sa touche acide sans nuire \u00e0 la saveur sucr\u00e9e.<\/p>\n<p>Cette fusion a donn\u00e9 naissance \u00e0 la <a href=\"https:\/\/pablogarrigos.com\/fr\/chocolates-y-fruites\/chocolate-vintage\/lemon-caramel-chocolate-vintage-125-gr\/\" target=\"_blank\" rel=\"noopener\">Chocolat Vintage au citron et au caramel<\/a> de <strong>Pablo Garrig\u00f3s Ib\u00e1\u00f1ez<\/strong>. Il s'agit d'un bonbon compos\u00e9 d'\u00e9corces de citron confites et d'un enrobage de chocolat au caramel.<\/p>\n<p>C'est une magnifique proposition pour terminer un d\u00eener d'\u00e9t\u00e9 au clair de lune.<\/p>\n<p><img decoding=\"async\" class=\"aligncenter wp-image-1379 size-large\" src=\"https:\/\/pablogarrigos.com\/wp-content\/uploads\/2024\/02\/Lemon-Caramel-Chocolate-2023_09-3-scaled-1-1024x668.jpg\" alt=\"Turrones y dulces para una cesta de Navidad gourmet\" width=\"800\" height=\"522\" srcset=\"https:\/\/pablogarrigos.com\/wp-content\/uploads\/2024\/02\/Lemon-Caramel-Chocolate-2023_09-3-scaled-1-1024x668.jpg 1024w, https:\/\/pablogarrigos.com\/wp-content\/uploads\/2024\/02\/Lemon-Caramel-Chocolate-2023_09-3-scaled-1-300x196.jpg 300w, https:\/\/pablogarrigos.com\/wp-content\/uploads\/2024\/02\/Lemon-Caramel-Chocolate-2023_09-3-scaled-1-768x501.jpg 768w, https:\/\/pablogarrigos.com\/wp-content\/uploads\/2024\/02\/Lemon-Caramel-Chocolate-2023_09-3-scaled-1-1536x1002.jpg 1536w, https:\/\/pablogarrigos.com\/wp-content\/uploads\/2024\/02\/Lemon-Caramel-Chocolate-2023_09-3-scaled-1-2048x1336.jpg 2048w, https:\/\/pablogarrigos.com\/wp-content\/uploads\/2024\/02\/Lemon-Caramel-Chocolate-2023_09-3-scaled-1-600x391.jpg 600w\" sizes=\"(max-width: 800px) 100vw, 800px\" \/><\/p>\n<p>Avec ces <strong>s\u00e9lectionner des sucreries et des chocolats pour les gourmets<\/strong> vous ferez de cet \u00e9t\u00e9 2024 un moment inoubliable.<\/p>","protected":false},"excerpt":{"rendered":"<p>El verano ya est\u00e1 aqu\u00ed. Ha tocado a la puerta y quiere entrar en nuestras casas y vidas con su calor reflejado en un sol brillante y en la luz natural que nos regala el horizonte que se vislumbra a lo lejos en el mar. En Pablo Garrig\u00f3s Ib\u00e1\u00f1ez nos hemos propuesto disfrutarlo a cada [&hellip;]<\/p>\n","protected":false},"author":3,"featured_media":2136,"comment_status":"closed","ping_status":"closed","sticky":false,"template":"","format":"standard","meta":{"_acf_changed":false,"inline_featured_image":false,"footnotes":""},"categories":[1],"tags":[],"class_list":["post-4033","post","type-post","status-publish","format-standard","has-post-thumbnail","hentry","category-blog"],"acf":[],"yoast_head":"<!-- This site is optimized with the Yoast SEO plugin v27.4 - https:\/\/yoast.com\/product\/yoast-seo-wordpress\/ -->\n<title>Dulces y chocolates para un verano inolvidable y gourmet | Pablo Garrig\u00f3s Iba\u00f1ez<\/title>\n<meta name=\"description\" content=\"Disfruta del verano de 2024 con dulces y chocolates gourmet que te acompa\u00f1en en momentos especiales: fruit\u00e9s, chocolate moments...\" \/>\n<meta name=\"robots\" content=\"index, follow, max-snippet:-1, max-image-preview:large, max-video-preview:-1\" \/>\n<link rel=\"canonical\" href=\"https:\/\/pablogarrigos.com\/fr\/dulces-y-chocolates-para-un-verano-inolvidable-y-gourmet\/\" \/>\n<meta property=\"og:locale\" content=\"fr_FR\" \/>\n<meta property=\"og:type\" content=\"article\" \/>\n<meta property=\"og:title\" content=\"Dulces y chocolates para un verano inolvidable y gourmet | Pablo Garrig\u00f3s Iba\u00f1ez\" \/>\n<meta property=\"og:description\" content=\"Disfruta del verano de 2024 con dulces y chocolates gourmet que te acompa\u00f1en en momentos especiales: fruit\u00e9s, chocolate moments...\" \/>\n<meta property=\"og:url\" content=\"https:\/\/pablogarrigos.com\/fr\/dulces-y-chocolates-para-un-verano-inolvidable-y-gourmet\/\" \/>\n<meta property=\"og:site_name\" content=\"Pablo Garrig\u00f3s Iba\u00f1ez\" \/>\n<meta property=\"article:published_time\" content=\"2024-06-26T12:05:16+00:00\" \/>\n<meta property=\"og:image\" content=\"https:\/\/pablogarrigos.com\/wp-content\/uploads\/2024\/05\/2024_03-Fruites-1-800x800-1.jpg\" \/>\n\t<meta property=\"og:image:width\" content=\"800\" \/>\n\t<meta property=\"og:image:height\" content=\"800\" \/>\n\t<meta property=\"og:image:type\" content=\"image\/jpeg\" \/>\n<meta name=\"author\" content=\"David\" \/>\n<meta name=\"twitter:card\" content=\"summary_large_image\" \/>\n<meta name=\"twitter:label1\" content=\"\u00c9crit par\" \/>\n\t<meta name=\"twitter:data1\" content=\"David\" \/>\n\t<meta name=\"twitter:label2\" content=\"Dur\u00e9e de lecture estim\u00e9e\" \/>\n\t<meta name=\"twitter:data2\" content=\"3 minutes\" \/>\n<script type=\"application\/ld+json\" class=\"yoast-schema-graph\">{\"@context\":\"https:\\\/\\\/schema.org\",\"@graph\":[{\"@type\":\"Article\",\"@id\":\"https:\\\/\\\/pablogarrigos.com\\\/dulces-y-chocolates-para-un-verano-inolvidable-y-gourmet\\\/#article\",\"isPartOf\":{\"@id\":\"https:\\\/\\\/pablogarrigos.com\\\/dulces-y-chocolates-para-un-verano-inolvidable-y-gourmet\\\/\"},\"author\":{\"name\":\"David\",\"@id\":\"https:\\\/\\\/pablogarrigos.com\\\/#\\\/schema\\\/person\\\/7d51a93f2a2b5b41fa539ed92ae3927c\"},\"headline\":\"Dulces y chocolates para un verano inolvidable y gourmet\",\"datePublished\":\"2024-06-26T12:05:16+00:00\",\"mainEntityOfPage\":{\"@id\":\"https:\\\/\\\/pablogarrigos.com\\\/dulces-y-chocolates-para-un-verano-inolvidable-y-gourmet\\\/\"},\"wordCount\":357,\"publisher\":{\"@id\":\"https:\\\/\\\/pablogarrigos.com\\\/#organization\"},\"image\":{\"@id\":\"https:\\\/\\\/pablogarrigos.com\\\/dulces-y-chocolates-para-un-verano-inolvidable-y-gourmet\\\/#primaryimage\"},\"thumbnailUrl\":\"https:\\\/\\\/pablogarrigos.com\\\/wp-content\\\/uploads\\\/2024\\\/05\\\/2024_03-Fruites-1-800x800-1.jpg\",\"articleSection\":[\"Blog\"],\"inLanguage\":\"fr-FR\"},{\"@type\":\"WebPage\",\"@id\":\"https:\\\/\\\/pablogarrigos.com\\\/dulces-y-chocolates-para-un-verano-inolvidable-y-gourmet\\\/\",\"url\":\"https:\\\/\\\/pablogarrigos.com\\\/dulces-y-chocolates-para-un-verano-inolvidable-y-gourmet\\\/\",\"name\":\"Dulces y chocolates para un verano inolvidable y gourmet | Pablo Garrig\u00f3s Iba\u00f1ez\",\"isPartOf\":{\"@id\":\"https:\\\/\\\/pablogarrigos.com\\\/#website\"},\"primaryImageOfPage\":{\"@id\":\"https:\\\/\\\/pablogarrigos.com\\\/dulces-y-chocolates-para-un-verano-inolvidable-y-gourmet\\\/#primaryimage\"},\"image\":{\"@id\":\"https:\\\/\\\/pablogarrigos.com\\\/dulces-y-chocolates-para-un-verano-inolvidable-y-gourmet\\\/#primaryimage\"},\"thumbnailUrl\":\"https:\\\/\\\/pablogarrigos.com\\\/wp-content\\\/uploads\\\/2024\\\/05\\\/2024_03-Fruites-1-800x800-1.jpg\",\"datePublished\":\"2024-06-26T12:05:16+00:00\",\"description\":\"Disfruta del verano de 2024 con dulces y chocolates gourmet que te acompa\u00f1en en momentos especiales: fruit\u00e9s, chocolate moments...\",\"breadcrumb\":{\"@id\":\"https:\\\/\\\/pablogarrigos.com\\\/dulces-y-chocolates-para-un-verano-inolvidable-y-gourmet\\\/#breadcrumb\"},\"inLanguage\":\"fr-FR\",\"potentialAction\":[{\"@type\":\"ReadAction\",\"target\":[\"https:\\\/\\\/pablogarrigos.com\\\/dulces-y-chocolates-para-un-verano-inolvidable-y-gourmet\\\/\"]}]},{\"@type\":\"ImageObject\",\"inLanguage\":\"fr-FR\",\"@id\":\"https:\\\/\\\/pablogarrigos.com\\\/dulces-y-chocolates-para-un-verano-inolvidable-y-gourmet\\\/#primaryimage\",\"url\":\"https:\\\/\\\/pablogarrigos.com\\\/wp-content\\\/uploads\\\/2024\\\/05\\\/2024_03-Fruites-1-800x800-1.jpg\",\"contentUrl\":\"https:\\\/\\\/pablogarrigos.com\\\/wp-content\\\/uploads\\\/2024\\\/05\\\/2024_03-Fruites-1-800x800-1.jpg\",\"width\":800,\"height\":800},{\"@type\":\"BreadcrumbList\",\"@id\":\"https:\\\/\\\/pablogarrigos.com\\\/dulces-y-chocolates-para-un-verano-inolvidable-y-gourmet\\\/#breadcrumb\",\"itemListElement\":[{\"@type\":\"ListItem\",\"position\":1,\"name\":\"Home\",\"item\":\"https:\\\/\\\/pablogarrigos.com\\\/en\\\/\"},{\"@type\":\"ListItem\",\"position\":2,\"name\":\"Dulces y chocolates para un verano inolvidable y gourmet\"}]},{\"@type\":\"WebSite\",\"@id\":\"https:\\\/\\\/pablogarrigos.com\\\/#website\",\"url\":\"https:\\\/\\\/pablogarrigos.com\\\/\",\"name\":\"Pablo Garrig\u00f3s Iba\u00f1ez\",\"description\":\"El Sentido del Gusto\",\"publisher\":{\"@id\":\"https:\\\/\\\/pablogarrigos.com\\\/#organization\"},\"potentialAction\":[{\"@type\":\"SearchAction\",\"target\":{\"@type\":\"EntryPoint\",\"urlTemplate\":\"https:\\\/\\\/pablogarrigos.com\\\/?s={search_term_string}\"},\"query-input\":{\"@type\":\"PropertyValueSpecification\",\"valueRequired\":true,\"valueName\":\"search_term_string\"}}],\"inLanguage\":\"fr-FR\"},{\"@type\":\"Organization\",\"@id\":\"https:\\\/\\\/pablogarrigos.com\\\/#organization\",\"name\":\"Pablo Garrig\u00f3s Iba\u00f1ez\",\"url\":\"https:\\\/\\\/pablogarrigos.com\\\/\",\"logo\":{\"@type\":\"ImageObject\",\"inLanguage\":\"fr-FR\",\"@id\":\"https:\\\/\\\/pablogarrigos.com\\\/#\\\/schema\\\/logo\\\/image\\\/\",\"url\":\"https:\\\/\\\/pablogarrigos.com\\\/wp-content\\\/uploads\\\/2024\\\/02\\\/logo-pablogarrigos.png\",\"contentUrl\":\"https:\\\/\\\/pablogarrigos.com\\\/wp-content\\\/uploads\\\/2024\\\/02\\\/logo-pablogarrigos.png\",\"width\":1247,\"height\":480,\"caption\":\"Pablo Garrig\u00f3s Iba\u00f1ez\"},\"image\":{\"@id\":\"https:\\\/\\\/pablogarrigos.com\\\/#\\\/schema\\\/logo\\\/image\\\/\"}},{\"@type\":\"Person\",\"@id\":\"https:\\\/\\\/pablogarrigos.com\\\/#\\\/schema\\\/person\\\/7d51a93f2a2b5b41fa539ed92ae3927c\",\"name\":\"David\",\"image\":{\"@type\":\"ImageObject\",\"inLanguage\":\"fr-FR\",\"@id\":\"https:\\\/\\\/secure.gravatar.com\\\/avatar\\\/a15f05b103de9feb27789c7b96f8d902aaeca93a202c78ed126332b4d8f1a949?s=96&d=mm&r=g\",\"url\":\"https:\\\/\\\/secure.gravatar.com\\\/avatar\\\/a15f05b103de9feb27789c7b96f8d902aaeca93a202c78ed126332b4d8f1a949?s=96&d=mm&r=g\",\"contentUrl\":\"https:\\\/\\\/secure.gravatar.com\\\/avatar\\\/a15f05b103de9feb27789c7b96f8d902aaeca93a202c78ed126332b4d8f1a949?s=96&d=mm&r=g\",\"caption\":\"David\"}}]}<\/script>\n<!-- \/ Yoast SEO plugin. -->","yoast_head_json":{"title":"Sucreries et chocolats pour un \u00e9t\u00e9 inoubliable et gourmand | Pablo Garrig\u00f3s Iba\u00f1ez","description":"Profitez de l'\u00e9t\u00e9 2024 avec des douceurs gourmandes et des chocolats qui vous accompagneront dans des moments privil\u00e9gi\u00e9s : fruit\u00e9s, moments chocolat\u00e9s...","robots":{"index":"index","follow":"follow","max-snippet":"max-snippet:-1","max-image-preview":"max-image-preview:large","max-video-preview":"max-video-preview:-1"},"canonical":"https:\/\/pablogarrigos.com\/fr\/dulces-y-chocolates-para-un-verano-inolvidable-y-gourmet\/","og_locale":"fr_FR","og_type":"article","og_title":"Dulces y chocolates para un verano inolvidable y gourmet | Pablo Garrig\u00f3s Iba\u00f1ez","og_description":"Disfruta del verano de 2024 con dulces y chocolates gourmet que te acompa\u00f1en en momentos especiales: fruit\u00e9s, chocolate moments...","og_url":"https:\/\/pablogarrigos.com\/fr\/dulces-y-chocolates-para-un-verano-inolvidable-y-gourmet\/","og_site_name":"Pablo Garrig\u00f3s Iba\u00f1ez","article_published_time":"2024-06-26T12:05:16+00:00","og_image":[{"width":800,"height":800,"url":"https:\/\/pablogarrigos.com\/wp-content\/uploads\/2024\/05\/2024_03-Fruites-1-800x800-1.jpg","type":"image\/jpeg"}],"author":"David","twitter_card":"summary_large_image","twitter_misc":{"\u00c9crit par":"David","Dur\u00e9e de lecture estim\u00e9e":"3 minutes"},"schema":{"@context":"https:\/\/schema.org","@graph":[{"@type":"Article","@id":"https:\/\/pablogarrigos.com\/dulces-y-chocolates-para-un-verano-inolvidable-y-gourmet\/#article","isPartOf":{"@id":"https:\/\/pablogarrigos.com\/dulces-y-chocolates-para-un-verano-inolvidable-y-gourmet\/"},"author":{"name":"David","@id":"https:\/\/pablogarrigos.com\/#\/schema\/person\/7d51a93f2a2b5b41fa539ed92ae3927c"},"headline":"Dulces y chocolates para un verano inolvidable y gourmet","datePublished":"2024-06-26T12:05:16+00:00","mainEntityOfPage":{"@id":"https:\/\/pablogarrigos.com\/dulces-y-chocolates-para-un-verano-inolvidable-y-gourmet\/"},"wordCount":357,"publisher":{"@id":"https:\/\/pablogarrigos.com\/#organization"},"image":{"@id":"https:\/\/pablogarrigos.com\/dulces-y-chocolates-para-un-verano-inolvidable-y-gourmet\/#primaryimage"},"thumbnailUrl":"https:\/\/pablogarrigos.com\/wp-content\/uploads\/2024\/05\/2024_03-Fruites-1-800x800-1.jpg","articleSection":["Blog"],"inLanguage":"fr-FR"},{"@type":"WebPage","@id":"https:\/\/pablogarrigos.com\/dulces-y-chocolates-para-un-verano-inolvidable-y-gourmet\/","url":"https:\/\/pablogarrigos.com\/dulces-y-chocolates-para-un-verano-inolvidable-y-gourmet\/","name":"Sucreries et chocolats pour un \u00e9t\u00e9 inoubliable et gourmand | Pablo Garrig\u00f3s Iba\u00f1ez","isPartOf":{"@id":"https:\/\/pablogarrigos.com\/#website"},"primaryImageOfPage":{"@id":"https:\/\/pablogarrigos.com\/dulces-y-chocolates-para-un-verano-inolvidable-y-gourmet\/#primaryimage"},"image":{"@id":"https:\/\/pablogarrigos.com\/dulces-y-chocolates-para-un-verano-inolvidable-y-gourmet\/#primaryimage"},"thumbnailUrl":"https:\/\/pablogarrigos.com\/wp-content\/uploads\/2024\/05\/2024_03-Fruites-1-800x800-1.jpg","datePublished":"2024-06-26T12:05:16+00:00","description":"Profitez de l'\u00e9t\u00e9 2024 avec des douceurs gourmandes et des chocolats qui vous accompagneront dans des moments privil\u00e9gi\u00e9s : fruit\u00e9s, moments chocolat\u00e9s...","breadcrumb":{"@id":"https:\/\/pablogarrigos.com\/dulces-y-chocolates-para-un-verano-inolvidable-y-gourmet\/#breadcrumb"},"inLanguage":"fr-FR","potentialAction":[{"@type":"ReadAction","target":["https:\/\/pablogarrigos.com\/dulces-y-chocolates-para-un-verano-inolvidable-y-gourmet\/"]}]},{"@type":"ImageObject","inLanguage":"fr-FR","@id":"https:\/\/pablogarrigos.com\/dulces-y-chocolates-para-un-verano-inolvidable-y-gourmet\/#primaryimage","url":"https:\/\/pablogarrigos.com\/wp-content\/uploads\/2024\/05\/2024_03-Fruites-1-800x800-1.jpg","contentUrl":"https:\/\/pablogarrigos.com\/wp-content\/uploads\/2024\/05\/2024_03-Fruites-1-800x800-1.jpg","width":800,"height":800},{"@type":"BreadcrumbList","@id":"https:\/\/pablogarrigos.com\/dulces-y-chocolates-para-un-verano-inolvidable-y-gourmet\/#breadcrumb","itemListElement":[{"@type":"ListItem","position":1,"name":"Home","item":"https:\/\/pablogarrigos.com\/en\/"},{"@type":"ListItem","position":2,"name":"Dulces y chocolates para un verano inolvidable y gourmet"}]},{"@type":"WebSite","@id":"https:\/\/pablogarrigos.com\/#website","url":"https:\/\/pablogarrigos.com\/","name":"Pablo Garrig\u00f3s Iba\u00f1ez","description":"Le sens du go\u00fbt","publisher":{"@id":"https:\/\/pablogarrigos.com\/#organization"},"potentialAction":[{"@type":"SearchAction","target":{"@type":"EntryPoint","urlTemplate":"https:\/\/pablogarrigos.com\/?s={search_term_string}"},"query-input":{"@type":"PropertyValueSpecification","valueRequired":true,"valueName":"search_term_string"}}],"inLanguage":"fr-FR"},{"@type":"Organization","@id":"https:\/\/pablogarrigos.com\/#organization","name":"Pablo Garrig\u00f3s Iba\u00f1ez","url":"https:\/\/pablogarrigos.com\/","logo":{"@type":"ImageObject","inLanguage":"fr-FR","@id":"https:\/\/pablogarrigos.com\/#\/schema\/logo\/image\/","url":"https:\/\/pablogarrigos.com\/wp-content\/uploads\/2024\/02\/logo-pablogarrigos.png","contentUrl":"https:\/\/pablogarrigos.com\/wp-content\/uploads\/2024\/02\/logo-pablogarrigos.png","width":1247,"height":480,"caption":"Pablo Garrig\u00f3s Iba\u00f1ez"},"image":{"@id":"https:\/\/pablogarrigos.com\/#\/schema\/logo\/image\/"}},{"@type":"Person","@id":"https:\/\/pablogarrigos.com\/#\/schema\/person\/7d51a93f2a2b5b41fa539ed92ae3927c","name":"David","image":{"@type":"ImageObject","inLanguage":"fr-FR","@id":"https:\/\/secure.gravatar.com\/avatar\/a15f05b103de9feb27789c7b96f8d902aaeca93a202c78ed126332b4d8f1a949?s=96&d=mm&r=g","url":"https:\/\/secure.gravatar.com\/avatar\/a15f05b103de9feb27789c7b96f8d902aaeca93a202c78ed126332b4d8f1a949?s=96&d=mm&r=g","contentUrl":"https:\/\/secure.gravatar.com\/avatar\/a15f05b103de9feb27789c7b96f8d902aaeca93a202c78ed126332b4d8f1a949?s=96&d=mm&r=g","caption":"David"}}]}},"_links":{"self":[{"href":"https:\/\/pablogarrigos.com\/fr\/wp-json\/wp\/v2\/posts\/4033","targetHints":{"allow":["GET"]}}],"collection":[{"href":"https:\/\/pablogarrigos.com\/fr\/wp-json\/wp\/v2\/posts"}],"about":[{"href":"https:\/\/pablogarrigos.com\/fr\/wp-json\/wp\/v2\/types\/post"}],"author":[{"embeddable":true,"href":"https:\/\/pablogarrigos.com\/fr\/wp-json\/wp\/v2\/users\/3"}],"replies":[{"embeddable":true,"href":"https:\/\/pablogarrigos.com\/fr\/wp-json\/wp\/v2\/comments?post=4033"}],"version-history":[{"count":3,"href":"https:\/\/pablogarrigos.com\/fr\/wp-json\/wp\/v2\/posts\/4033\/revisions"}],"predecessor-version":[{"id":4037,"href":"https:\/\/pablogarrigos.com\/fr\/wp-json\/wp\/v2\/posts\/4033\/revisions\/4037"}],"wp:featuredmedia":[{"embeddable":true,"href":"https:\/\/pablogarrigos.com\/fr\/wp-json\/wp\/v2\/media\/2136"}],"wp:attachment":[{"href":"https:\/\/pablogarrigos.com\/fr\/wp-json\/wp\/v2\/media?parent=4033"}],"wp:term":[{"taxonomy":"category","embeddable":true,"href":"https:\/\/pablogarrigos.com\/fr\/wp-json\/wp\/v2\/categories?post=4033"},{"taxonomy":"post_tag","embeddable":true,"href":"https:\/\/pablogarrigos.com\/fr\/wp-json\/wp\/v2\/tags?post=4033"}],"curies":[{"name":"wp","href":"https:\/\/api.w.org\/{rel}","templated":true}]}}