{"id":1384,"date":"2024-01-18T12:50:34","date_gmt":"2024-01-18T11:50:34","guid":{"rendered":"https:\/\/pablogarrigos.com\/inspirate-en-la-cocina-con-este-delicioso-tartar-de-atun-con-turron\/"},"modified":"2024-01-18T12:50:34","modified_gmt":"2024-01-18T11:50:34","slug":"inspirate-en-la-cocina-con-este-delicioso-tartar-de-atun-con-turron","status":"publish","type":"post","link":"https:\/\/pablogarrigos.com\/fr\/inspirate-en-la-cocina-con-este-delicioso-tartar-de-atun-con-turron\/","title":{"rendered":"Laissez-vous inspirer par ce d\u00e9licieux tartare de thon au nougat."},"content":{"rendered":"<p>Pour les palais les plus conservateurs, la fusion des <b>nougat<\/b> et le <b>thon<\/b> dans un <b>tartre<\/b> peut \u00eatre inexplicable. Heureusement, la gastronomie progresse \u00e0 pas de g\u00e9ant. Les chefs d'aujourd'hui ne cessent de nous proposer des recettes innovantes qui, t\u00f4t ou tard, finissent par faire partie de notre imaginaire culinaire.<\/p>\n<p>L'une de ces propositions de r\u00e9novation est celle du chef cuisinier <a href=\"https:\/\/www.instagram.com\/santi_monkey\/\" target=\"_blank\" rel=\"noopener\">Santi G\u00f3mez<\/a>. Il s'agit de la <b>tartare de thon et de poires<\/b> avec <b>Nougat d'Alicante<\/b> de <a href=\"https:\/\/pablogarrigos.com\/es\/\" target=\"_blank\" rel=\"noopener\">Pablo Garrig\u00f3s Ib\u00e1\u00f1ez<\/a>.<\/p>\n<p>Les <a href=\"https:\/\/www.xlsemanal.com\/estilo\/gourmet\/20201203\/tartar-recetas-tipos-pescado-carne-verduras-origen.html\">tartre<\/a>De nos jours, il est devenu l'un des plats les plus populaires lorsque vous allez manger dans un restaurant \u00e9l\u00e9gant. Il peut \u00eatre servi comme plat principal ou comme entr\u00e9e.<\/p>\n<p>Il s'agit d'une recette qui consiste essentiellement \u00e0 hacher au couteau un ingr\u00e9dient non cuit, qui est ensuite assaisonn\u00e9 et m\u00e9lang\u00e9 \u00e0 d'autres ingr\u00e9dients.<\/p>\n<p>Dans ce cas, l'ingr\u00e9dient protagoniste est le <b>thon<\/b>. Le chef combinera la saveur fra\u00eeche de ce poisson m\u00e9diterran\u00e9en avec le fruit\u00e9 de la poire et le croquant de l'huile d'olive. <b>Nougat d'Alicante<\/b>.<\/p>\n<h2>Comment pr\u00e9parer la recette du tartare de thon au nougat et \u00e0 la poire ?<\/h2>\n<p>Si vous avez envie de suivre la recette pour r\u00e9galer votre famille et vos amis de vos talents culinaires, voici tous les ingr\u00e9dients dont vous avez besoin pour pr\u00e9parer ce plat. <b>tartare de thon au nougat d'Alicante et aux poires<\/b>:<\/p>\n<ul>\n<li>Thon<\/li>\n<li>Oignon hach\u00e9<\/li>\n<li>Sauce soja<\/li>\n<li>Huile d'olive<\/li>\n<li>Miel de fleurs d'oranger<\/li>\n<li>Jenjibre<\/li>\n<li>Ail<\/li>\n<li>Poire<\/li>\n<li>Nougat d'Alicante<\/li>\n<\/ul>\n<p>Dans cette vid\u00e9o, vous pouvez voir la recette \u00e9tape par \u00e9tape de Santi G\u00f3mez, notre chef cuisinier :<\/p>\n<p><iframe title=\"Tartare de thon et de poire au nougat d&#039;Alicante par Pablo Garrig\u00f3s Ib\u00e1\u00f1ez\" width=\"800\" height=\"450\" src=\"https:\/\/www.youtube.com\/embed\/ACDApknMG-s?feature=oembed\" frameborder=\"0\" allow=\"accelerometer; autoplay; clipboard-write; encrypted-media; gyroscope; picture-in-picture; web-share\" allowfullscreen><\/iframe><\/p>\n<p>Il ne fait aucun doute que la <b>tartare de thon au nougat d'Alicante et aux poires<\/b> est un plat digne de figurer en bonne place sur les menus des restaurants les plus raffin\u00e9s. Mais c'est aussi un plat id\u00e9al \u00e0 partager \u00e0 la maison et \u00e0 d\u00e9guster lors de n'importe quelle f\u00eate, car il est tr\u00e8s facile \u00e0 pr\u00e9parer.<\/p>","protected":false},"excerpt":{"rendered":"<p>Para los paladares m\u00e1s conservadores, fusionar el turr\u00f3n y el at\u00fan en un tartar puede ser algo inexplicable. Por suerte, la gastronom\u00eda avanza a pasos agigantados. Los chefs actuales nos ofrecen continuamente recetas innovadoras que, antes o despu\u00e9s, acaban por formar parte de nuestro imaginario culinario. Una de esas propuestas renovadoras es la que nos [&hellip;]<\/p>\n","protected":false},"author":2,"featured_media":1385,"comment_status":"open","ping_status":"open","sticky":false,"template":"","format":"standard","meta":{"_acf_changed":false,"inline_featured_image":false,"footnotes":""},"categories":[1,89,123],"tags":[],"class_list":["post-1384","post","type-post","status-publish","format-standard","has-post-thumbnail","hentry","category-blog","category-gastronomia","category-nuestro-blog"],"acf":[],"yoast_head":"<!-- This site is optimized with the Yoast SEO plugin v27.4 - https:\/\/yoast.com\/product\/yoast-seo-wordpress\/ -->\n<title>Insp\u00edrate en la cocina con este delicioso tartar de at\u00fan con turr\u00f3n | Pablo Garrig\u00f3s Iba\u00f1ez<\/title>\n<meta name=\"description\" content=\"Sigue paso a paso la receta para hacer un rico tartar de at\u00fan con turr\u00f3n de Alicante y pera. F\u00e1cil de seguir, y de servir en la mesa\" \/>\n<meta name=\"robots\" content=\"index, follow, max-snippet:-1, max-image-preview:large, max-video-preview:-1\" \/>\n<link rel=\"canonical\" href=\"https:\/\/pablogarrigos.com\/fr\/inspirate-en-la-cocina-con-este-delicioso-tartar-de-atun-con-turron\/\" \/>\n<meta property=\"og:locale\" content=\"fr_FR\" \/>\n<meta property=\"og:type\" content=\"article\" \/>\n<meta property=\"og:title\" content=\"Insp\u00edrate en la cocina con este delicioso tartar de at\u00fan con turr\u00f3n | Pablo Garrig\u00f3s Iba\u00f1ez\" \/>\n<meta property=\"og:description\" content=\"Sigue paso a paso la receta para hacer un rico tartar de at\u00fan con turr\u00f3n de Alicante y pera. F\u00e1cil de seguir, y de servir en la mesa\" \/>\n<meta property=\"og:url\" content=\"https:\/\/pablogarrigos.com\/fr\/inspirate-en-la-cocina-con-este-delicioso-tartar-de-atun-con-turron\/\" \/>\n<meta property=\"og:site_name\" content=\"Pablo Garrig\u00f3s Iba\u00f1ez\" \/>\n<meta property=\"article:published_time\" content=\"2024-01-18T11:50:34+00:00\" \/>\n<meta property=\"og:image\" content=\"https:\/\/pablogarrigos.com\/wp-content\/uploads\/2024\/02\/tartar_atun_pera-1024x768-1.jpg\" \/>\n\t<meta property=\"og:image:width\" content=\"1024\" \/>\n\t<meta property=\"og:image:height\" content=\"768\" \/>\n\t<meta property=\"og:image:type\" content=\"image\/jpeg\" \/>\n<meta name=\"author\" content=\"Gemma\" \/>\n<meta name=\"twitter:card\" content=\"summary_large_image\" \/>\n<meta name=\"twitter:label1\" content=\"\u00c9crit par\" \/>\n\t<meta name=\"twitter:data1\" content=\"Gemma\" \/>\n\t<meta name=\"twitter:label2\" content=\"Dur\u00e9e de lecture estim\u00e9e\" \/>\n\t<meta name=\"twitter:data2\" content=\"2 minutes\" \/>\n<script type=\"application\/ld+json\" class=\"yoast-schema-graph\">{\"@context\":\"https:\\\/\\\/schema.org\",\"@graph\":[{\"@type\":\"NewsArticle\",\"@id\":\"https:\\\/\\\/pablogarrigos.com\\\/inspirate-en-la-cocina-con-este-delicioso-tartar-de-atun-con-turron\\\/#article\",\"isPartOf\":{\"@id\":\"https:\\\/\\\/pablogarrigos.com\\\/inspirate-en-la-cocina-con-este-delicioso-tartar-de-atun-con-turron\\\/\"},\"author\":{\"name\":\"Gemma\",\"@id\":\"https:\\\/\\\/pablogarrigos.com\\\/#\\\/schema\\\/person\\\/0744f9f2c2818aabadd4e72d201c485a\"},\"headline\":\"Insp\u00edrate en la cocina con este delicioso tartar de at\u00fan con turr\u00f3n\",\"datePublished\":\"2024-01-18T11:50:34+00:00\",\"mainEntityOfPage\":{\"@id\":\"https:\\\/\\\/pablogarrigos.com\\\/inspirate-en-la-cocina-con-este-delicioso-tartar-de-atun-con-turron\\\/\"},\"wordCount\":377,\"commentCount\":0,\"publisher\":{\"@id\":\"https:\\\/\\\/pablogarrigos.com\\\/#organization\"},\"image\":{\"@id\":\"https:\\\/\\\/pablogarrigos.com\\\/inspirate-en-la-cocina-con-este-delicioso-tartar-de-atun-con-turron\\\/#primaryimage\"},\"thumbnailUrl\":\"https:\\\/\\\/pablogarrigos.com\\\/wp-content\\\/uploads\\\/2024\\\/02\\\/tartar_atun_pera-1024x768-1.jpg\",\"articleSection\":[\"Blog\",\"Gastronom\u00eda\",\"Nuestro blog\"],\"inLanguage\":\"fr-FR\"},{\"@type\":[\"WebPage\",\"ItemPage\"],\"@id\":\"https:\\\/\\\/pablogarrigos.com\\\/inspirate-en-la-cocina-con-este-delicioso-tartar-de-atun-con-turron\\\/\",\"url\":\"https:\\\/\\\/pablogarrigos.com\\\/inspirate-en-la-cocina-con-este-delicioso-tartar-de-atun-con-turron\\\/\",\"name\":\"Insp\u00edrate en la cocina con este delicioso tartar de at\u00fan con turr\u00f3n | Pablo Garrig\u00f3s Iba\u00f1ez\",\"isPartOf\":{\"@id\":\"https:\\\/\\\/pablogarrigos.com\\\/#website\"},\"primaryImageOfPage\":{\"@id\":\"https:\\\/\\\/pablogarrigos.com\\\/inspirate-en-la-cocina-con-este-delicioso-tartar-de-atun-con-turron\\\/#primaryimage\"},\"image\":{\"@id\":\"https:\\\/\\\/pablogarrigos.com\\\/inspirate-en-la-cocina-con-este-delicioso-tartar-de-atun-con-turron\\\/#primaryimage\"},\"thumbnailUrl\":\"https:\\\/\\\/pablogarrigos.com\\\/wp-content\\\/uploads\\\/2024\\\/02\\\/tartar_atun_pera-1024x768-1.jpg\",\"datePublished\":\"2024-01-18T11:50:34+00:00\",\"description\":\"Sigue paso a paso la receta para hacer un rico tartar de at\u00fan con turr\u00f3n de Alicante y pera. F\u00e1cil de seguir, y de servir en la mesa\",\"breadcrumb\":{\"@id\":\"https:\\\/\\\/pablogarrigos.com\\\/inspirate-en-la-cocina-con-este-delicioso-tartar-de-atun-con-turron\\\/#breadcrumb\"},\"inLanguage\":\"fr-FR\",\"potentialAction\":[{\"@type\":\"ReadAction\",\"target\":[\"https:\\\/\\\/pablogarrigos.com\\\/inspirate-en-la-cocina-con-este-delicioso-tartar-de-atun-con-turron\\\/\"]}]},{\"@type\":\"ImageObject\",\"inLanguage\":\"fr-FR\",\"@id\":\"https:\\\/\\\/pablogarrigos.com\\\/inspirate-en-la-cocina-con-este-delicioso-tartar-de-atun-con-turron\\\/#primaryimage\",\"url\":\"https:\\\/\\\/pablogarrigos.com\\\/wp-content\\\/uploads\\\/2024\\\/02\\\/tartar_atun_pera-1024x768-1.jpg\",\"contentUrl\":\"https:\\\/\\\/pablogarrigos.com\\\/wp-content\\\/uploads\\\/2024\\\/02\\\/tartar_atun_pera-1024x768-1.jpg\",\"width\":1024,\"height\":768,\"caption\":\"Receta de tartar de at\u00fan con turr\u00f3n de Alicante y pera\"},{\"@type\":\"BreadcrumbList\",\"@id\":\"https:\\\/\\\/pablogarrigos.com\\\/inspirate-en-la-cocina-con-este-delicioso-tartar-de-atun-con-turron\\\/#breadcrumb\",\"itemListElement\":[{\"@type\":\"ListItem\",\"position\":1,\"name\":\"Home\",\"item\":\"https:\\\/\\\/pablogarrigos.com\\\/en\\\/\"},{\"@type\":\"ListItem\",\"position\":2,\"name\":\"Insp\u00edrate en la cocina con este delicioso tartar de at\u00fan con turr\u00f3n\"}]},{\"@type\":\"WebSite\",\"@id\":\"https:\\\/\\\/pablogarrigos.com\\\/#website\",\"url\":\"https:\\\/\\\/pablogarrigos.com\\\/\",\"name\":\"Pablo Garrig\u00f3s Iba\u00f1ez\",\"description\":\"El Sentido del Gusto\",\"publisher\":{\"@id\":\"https:\\\/\\\/pablogarrigos.com\\\/#organization\"},\"potentialAction\":[{\"@type\":\"SearchAction\",\"target\":{\"@type\":\"EntryPoint\",\"urlTemplate\":\"https:\\\/\\\/pablogarrigos.com\\\/?s={search_term_string}\"},\"query-input\":{\"@type\":\"PropertyValueSpecification\",\"valueRequired\":true,\"valueName\":\"search_term_string\"}}],\"inLanguage\":\"fr-FR\"},{\"@type\":\"Organization\",\"@id\":\"https:\\\/\\\/pablogarrigos.com\\\/#organization\",\"name\":\"Pablo Garrig\u00f3s Iba\u00f1ez\",\"url\":\"https:\\\/\\\/pablogarrigos.com\\\/\",\"logo\":{\"@type\":\"ImageObject\",\"inLanguage\":\"fr-FR\",\"@id\":\"https:\\\/\\\/pablogarrigos.com\\\/#\\\/schema\\\/logo\\\/image\\\/\",\"url\":\"https:\\\/\\\/pablogarrigos.com\\\/wp-content\\\/uploads\\\/2024\\\/02\\\/logo-pablogarrigos.png\",\"contentUrl\":\"https:\\\/\\\/pablogarrigos.com\\\/wp-content\\\/uploads\\\/2024\\\/02\\\/logo-pablogarrigos.png\",\"width\":1247,\"height\":480,\"caption\":\"Pablo Garrig\u00f3s Iba\u00f1ez\"},\"image\":{\"@id\":\"https:\\\/\\\/pablogarrigos.com\\\/#\\\/schema\\\/logo\\\/image\\\/\"}},{\"@type\":\"Person\",\"@id\":\"https:\\\/\\\/pablogarrigos.com\\\/#\\\/schema\\\/person\\\/0744f9f2c2818aabadd4e72d201c485a\",\"name\":\"Gemma\",\"image\":{\"@type\":\"ImageObject\",\"inLanguage\":\"fr-FR\",\"@id\":\"https:\\\/\\\/secure.gravatar.com\\\/avatar\\\/91ad8c4cfbf490fb4e004597a378257d90d75632352dedb095b1d494d6189c6c?s=96&d=mm&r=g\",\"url\":\"https:\\\/\\\/secure.gravatar.com\\\/avatar\\\/91ad8c4cfbf490fb4e004597a378257d90d75632352dedb095b1d494d6189c6c?s=96&d=mm&r=g\",\"contentUrl\":\"https:\\\/\\\/secure.gravatar.com\\\/avatar\\\/91ad8c4cfbf490fb4e004597a378257d90d75632352dedb095b1d494d6189c6c?s=96&d=mm&r=g\",\"caption\":\"Gemma\"}}]}<\/script>\n<!-- \/ Yoast SEO plugin. -->","yoast_head_json":{"title":"Laissez-vous inspirer par ce d\u00e9licieux tartare de thon au nougat : Pablo Garrig\u00f3s Iba\u00f1ez","description":"Suivez la recette pas \u00e0 pas pour pr\u00e9parer un savoureux tartare de thon au nougat d'Alicante et \u00e0 la poire. Facile \u00e0 suivre, facile \u00e0 servir \u00e0 table.","robots":{"index":"index","follow":"follow","max-snippet":"max-snippet:-1","max-image-preview":"max-image-preview:large","max-video-preview":"max-video-preview:-1"},"canonical":"https:\/\/pablogarrigos.com\/fr\/inspirate-en-la-cocina-con-este-delicioso-tartar-de-atun-con-turron\/","og_locale":"fr_FR","og_type":"article","og_title":"Insp\u00edrate en la cocina con este delicioso tartar de at\u00fan con turr\u00f3n | Pablo Garrig\u00f3s Iba\u00f1ez","og_description":"Sigue paso a paso la receta para hacer un rico tartar de at\u00fan con turr\u00f3n de Alicante y pera. F\u00e1cil de seguir, y de servir en la mesa","og_url":"https:\/\/pablogarrigos.com\/fr\/inspirate-en-la-cocina-con-este-delicioso-tartar-de-atun-con-turron\/","og_site_name":"Pablo Garrig\u00f3s Iba\u00f1ez","article_published_time":"2024-01-18T11:50:34+00:00","og_image":[{"width":1024,"height":768,"url":"https:\/\/pablogarrigos.com\/wp-content\/uploads\/2024\/02\/tartar_atun_pera-1024x768-1.jpg","type":"image\/jpeg"}],"author":"Gemma","twitter_card":"summary_large_image","twitter_misc":{"\u00c9crit par":"Gemma","Dur\u00e9e de lecture estim\u00e9e":"2 minutes"},"schema":{"@context":"https:\/\/schema.org","@graph":[{"@type":"NewsArticle","@id":"https:\/\/pablogarrigos.com\/inspirate-en-la-cocina-con-este-delicioso-tartar-de-atun-con-turron\/#article","isPartOf":{"@id":"https:\/\/pablogarrigos.com\/inspirate-en-la-cocina-con-este-delicioso-tartar-de-atun-con-turron\/"},"author":{"name":"Gemma","@id":"https:\/\/pablogarrigos.com\/#\/schema\/person\/0744f9f2c2818aabadd4e72d201c485a"},"headline":"Insp\u00edrate en la cocina con este delicioso tartar de at\u00fan con turr\u00f3n","datePublished":"2024-01-18T11:50:34+00:00","mainEntityOfPage":{"@id":"https:\/\/pablogarrigos.com\/inspirate-en-la-cocina-con-este-delicioso-tartar-de-atun-con-turron\/"},"wordCount":377,"commentCount":0,"publisher":{"@id":"https:\/\/pablogarrigos.com\/#organization"},"image":{"@id":"https:\/\/pablogarrigos.com\/inspirate-en-la-cocina-con-este-delicioso-tartar-de-atun-con-turron\/#primaryimage"},"thumbnailUrl":"https:\/\/pablogarrigos.com\/wp-content\/uploads\/2024\/02\/tartar_atun_pera-1024x768-1.jpg","articleSection":["Blog","Gastronom\u00eda","Nuestro blog"],"inLanguage":"fr-FR"},{"@type":["WebPage","ItemPage"],"@id":"https:\/\/pablogarrigos.com\/inspirate-en-la-cocina-con-este-delicioso-tartar-de-atun-con-turron\/","url":"https:\/\/pablogarrigos.com\/inspirate-en-la-cocina-con-este-delicioso-tartar-de-atun-con-turron\/","name":"Laissez-vous inspirer par ce d\u00e9licieux tartare de thon au nougat : Pablo Garrig\u00f3s Iba\u00f1ez","isPartOf":{"@id":"https:\/\/pablogarrigos.com\/#website"},"primaryImageOfPage":{"@id":"https:\/\/pablogarrigos.com\/inspirate-en-la-cocina-con-este-delicioso-tartar-de-atun-con-turron\/#primaryimage"},"image":{"@id":"https:\/\/pablogarrigos.com\/inspirate-en-la-cocina-con-este-delicioso-tartar-de-atun-con-turron\/#primaryimage"},"thumbnailUrl":"https:\/\/pablogarrigos.com\/wp-content\/uploads\/2024\/02\/tartar_atun_pera-1024x768-1.jpg","datePublished":"2024-01-18T11:50:34+00:00","description":"Suivez la recette pas \u00e0 pas pour pr\u00e9parer un savoureux tartare de thon au nougat d'Alicante et \u00e0 la poire. Facile \u00e0 suivre, facile \u00e0 servir \u00e0 table.","breadcrumb":{"@id":"https:\/\/pablogarrigos.com\/inspirate-en-la-cocina-con-este-delicioso-tartar-de-atun-con-turron\/#breadcrumb"},"inLanguage":"fr-FR","potentialAction":[{"@type":"ReadAction","target":["https:\/\/pablogarrigos.com\/inspirate-en-la-cocina-con-este-delicioso-tartar-de-atun-con-turron\/"]}]},{"@type":"ImageObject","inLanguage":"fr-FR","@id":"https:\/\/pablogarrigos.com\/inspirate-en-la-cocina-con-este-delicioso-tartar-de-atun-con-turron\/#primaryimage","url":"https:\/\/pablogarrigos.com\/wp-content\/uploads\/2024\/02\/tartar_atun_pera-1024x768-1.jpg","contentUrl":"https:\/\/pablogarrigos.com\/wp-content\/uploads\/2024\/02\/tartar_atun_pera-1024x768-1.jpg","width":1024,"height":768,"caption":"Receta de tartar de at\u00fan con turr\u00f3n de Alicante y pera"},{"@type":"BreadcrumbList","@id":"https:\/\/pablogarrigos.com\/inspirate-en-la-cocina-con-este-delicioso-tartar-de-atun-con-turron\/#breadcrumb","itemListElement":[{"@type":"ListItem","position":1,"name":"Home","item":"https:\/\/pablogarrigos.com\/en\/"},{"@type":"ListItem","position":2,"name":"Insp\u00edrate en la cocina con este delicioso tartar de at\u00fan con turr\u00f3n"}]},{"@type":"WebSite","@id":"https:\/\/pablogarrigos.com\/#website","url":"https:\/\/pablogarrigos.com\/","name":"Pablo Garrig\u00f3s Iba\u00f1ez","description":"Le sens du go\u00fbt","publisher":{"@id":"https:\/\/pablogarrigos.com\/#organization"},"potentialAction":[{"@type":"SearchAction","target":{"@type":"EntryPoint","urlTemplate":"https:\/\/pablogarrigos.com\/?s={search_term_string}"},"query-input":{"@type":"PropertyValueSpecification","valueRequired":true,"valueName":"search_term_string"}}],"inLanguage":"fr-FR"},{"@type":"Organization","@id":"https:\/\/pablogarrigos.com\/#organization","name":"Pablo Garrig\u00f3s Iba\u00f1ez","url":"https:\/\/pablogarrigos.com\/","logo":{"@type":"ImageObject","inLanguage":"fr-FR","@id":"https:\/\/pablogarrigos.com\/#\/schema\/logo\/image\/","url":"https:\/\/pablogarrigos.com\/wp-content\/uploads\/2024\/02\/logo-pablogarrigos.png","contentUrl":"https:\/\/pablogarrigos.com\/wp-content\/uploads\/2024\/02\/logo-pablogarrigos.png","width":1247,"height":480,"caption":"Pablo Garrig\u00f3s Iba\u00f1ez"},"image":{"@id":"https:\/\/pablogarrigos.com\/#\/schema\/logo\/image\/"}},{"@type":"Person","@id":"https:\/\/pablogarrigos.com\/#\/schema\/person\/0744f9f2c2818aabadd4e72d201c485a","name":"Gemma","image":{"@type":"ImageObject","inLanguage":"fr-FR","@id":"https:\/\/secure.gravatar.com\/avatar\/91ad8c4cfbf490fb4e004597a378257d90d75632352dedb095b1d494d6189c6c?s=96&d=mm&r=g","url":"https:\/\/secure.gravatar.com\/avatar\/91ad8c4cfbf490fb4e004597a378257d90d75632352dedb095b1d494d6189c6c?s=96&d=mm&r=g","contentUrl":"https:\/\/secure.gravatar.com\/avatar\/91ad8c4cfbf490fb4e004597a378257d90d75632352dedb095b1d494d6189c6c?s=96&d=mm&r=g","caption":"Gemma"}}]}},"_links":{"self":[{"href":"https:\/\/pablogarrigos.com\/fr\/wp-json\/wp\/v2\/posts\/1384","targetHints":{"allow":["GET"]}}],"collection":[{"href":"https:\/\/pablogarrigos.com\/fr\/wp-json\/wp\/v2\/posts"}],"about":[{"href":"https:\/\/pablogarrigos.com\/fr\/wp-json\/wp\/v2\/types\/post"}],"author":[{"embeddable":true,"href":"https:\/\/pablogarrigos.com\/fr\/wp-json\/wp\/v2\/users\/2"}],"replies":[{"embeddable":true,"href":"https:\/\/pablogarrigos.com\/fr\/wp-json\/wp\/v2\/comments?post=1384"}],"version-history":[{"count":0,"href":"https:\/\/pablogarrigos.com\/fr\/wp-json\/wp\/v2\/posts\/1384\/revisions"}],"wp:featuredmedia":[{"embeddable":true,"href":"https:\/\/pablogarrigos.com\/fr\/wp-json\/wp\/v2\/media\/1385"}],"wp:attachment":[{"href":"https:\/\/pablogarrigos.com\/fr\/wp-json\/wp\/v2\/media?parent=1384"}],"wp:term":[{"taxonomy":"category","embeddable":true,"href":"https:\/\/pablogarrigos.com\/fr\/wp-json\/wp\/v2\/categories?post=1384"},{"taxonomy":"post_tag","embeddable":true,"href":"https:\/\/pablogarrigos.com\/fr\/wp-json\/wp\/v2\/tags?post=1384"}],"curies":[{"name":"wp","href":"https:\/\/api.w.org\/{rel}","templated":true}]}}