{"id":5891,"date":"2026-04-27T10:16:22","date_gmt":"2026-04-27T08:16:22","guid":{"rendered":"https:\/\/pablogarrigos.com\/?p=5891"},"modified":"2026-04-27T10:16:22","modified_gmt":"2026-04-27T08:16:22","slug":"la-galleta-que-conquisto-el-mundo-y-llego-al-turron-artesanal","status":"publish","type":"post","link":"https:\/\/pablogarrigos.com\/en\/la-galleta-que-conquisto-el-mundo-y-llego-al-turron-artesanal\/","title":{"rendered":"La galleta que conquist\u00f3 el mundo y lleg\u00f3 al turr\u00f3n artesanal"},"content":{"rendered":"<p class=\"font-claude-response-body break-words whitespace-normal leading-[1.7]\">Si en los \u00faltimos a\u00f1os has pedido un caf\u00e9 en alguna cafeter\u00eda con pretensiones, es muy probable que junto a la taza hayas encontrado una peque\u00f1a galleta especiada de color marr\u00f3n dorado. Crujiente, con un aroma inconfundible a canela y caramelo, y un sabor que engacha desde el primer bocado. Esa es la speculoos. Y si todav\u00eda no sabes muy bien qu\u00e9 es, este art\u00edculo es para ti.<\/p>\n<h2 class=\"text-text-100 mt-3 -mb-1 text-[1.125rem] font-bold\">Speculoos: una galleta con siglos de historia<\/h2>\n<p class=\"font-claude-response-body break-words whitespace-normal leading-[1.7]\">La speculoos, tambi\u00e9n conocida como speculaas en los Pa\u00edses Bajos y B\u00e9lgica, tiene sus ra\u00edces en la tradici\u00f3n repostera centroeuropea del siglo XVII. Su origen est\u00e1 ligado a la festividad de San Nicol\u00e1s, que se celebra el 6 de diciembre en buena parte del norte de Europa. Las galletas se moldeaban con figuras religiosas o decorativas y se regalaban a los ni\u00f1os como parte de la celebraci\u00f3n.<\/p>\n<p class=\"font-claude-response-body break-words whitespace-normal leading-[1.7]\">La palabra <em>speculoos<\/em> deriva del lat\u00edn <em>speculum<\/em>, que significa espejo, en referencia a los moldes de madera tallada que se usaban para darles forma: la galleta era, literalmente, el reflejo del molde.<\/p>\n<p class=\"font-claude-response-body break-words whitespace-normal leading-[1.7]\">Lo que hace \u00fanica a esta galleta es su mezcla de especias: canela, clavo, nuez moscada, jengibre y cardamomo, una combinaci\u00f3n que huele a invierno y que, con el tiempo, ha cruzado todas las fronteras imaginables.<\/p>\n<p><img fetchpriority=\"high\" decoding=\"async\" class=\"wp-image-5897 aligncenter\" src=\"https:\/\/pablogarrigos.com\/wp-content\/uploads\/2026\/04\/2-1-300x169.jpg\" alt=\"\" width=\"579\" height=\"326\" srcset=\"https:\/\/pablogarrigos.com\/wp-content\/uploads\/2026\/04\/2-1-300x169.jpg 300w, https:\/\/pablogarrigos.com\/wp-content\/uploads\/2026\/04\/2-1-1024x576.jpg 1024w, https:\/\/pablogarrigos.com\/wp-content\/uploads\/2026\/04\/2-1-768x432.jpg 768w, https:\/\/pablogarrigos.com\/wp-content\/uploads\/2026\/04\/2-1-1536x864.jpg 1536w, https:\/\/pablogarrigos.com\/wp-content\/uploads\/2026\/04\/2-1-18x10.jpg 18w, https:\/\/pablogarrigos.com\/wp-content\/uploads\/2026\/04\/2-1-600x338.jpg 600w, https:\/\/pablogarrigos.com\/wp-content\/uploads\/2026\/04\/2-1.jpg 1920w\" sizes=\"(max-width: 579px) 100vw, 579px\" \/><\/p>\n<h2 class=\"text-text-100 mt-3 -mb-1 text-[1.125rem] font-bold\">De las cafeter\u00edas belgas al fen\u00f3meno global<\/h2>\n<p class=\"font-claude-response-body break-words whitespace-normal leading-[1.7]\">Durante d\u00e9cadas, la speculoos fue un dulce de temporada, \u00edntimamente ligado al adviento y a la navidad del norte de Europa. Pero algo cambi\u00f3. La popularizaci\u00f3n de las cafeter\u00edas de especialidad, la expansi\u00f3n de ciertas marcas de pasta de speculoos para untar, ese invento que convirti\u00f3 la galleta en crema, y la viralizaci\u00f3n en redes sociales de recetas con esta galleta como ingrediente estrella hicieron el resto.<\/p>\n<p class=\"font-claude-response-body break-words whitespace-normal leading-[1.7]\">Hoy la speculoos aparece en helados, cheesecakes, lattes, bombones, yogures y, por supuesto, en dulces de todo tipo. No es una moda pasajera: es un ingrediente que ha demostrado que su perfil de sabor, especiado, dulce, con ese toque acaramelado, encaja casi con cualquier cosa.<\/p>\n<p class=\"font-claude-response-body break-words whitespace-normal leading-[1.7]\">Y cuando encaja bien con el chocolate y la fruta, el resultado puede ser algo verdaderamente especial.<\/p>\n<h2 class=\"text-text-100 mt-3 -mb-1 text-[1.125rem] font-bold\">Speculoos y turr\u00f3n artesanal: cuando la tradici\u00f3n se encuentra con la tendencia<\/h2>\n<p class=\"font-claude-response-body break-words whitespace-normal leading-[1.7]\">En Pablo Garrig\u00f3s Ib\u00e1\u00f1ez llevamos desde 1988 elaborando turrones y dulces gourmet con el car\u00e1cter del levante espa\u00f1ol. Siempre desde la tradici\u00f3n, pero sin miedo a explorar combinaciones que sorprendan.<\/p>\n<p class=\"font-claude-response-body break-words whitespace-normal leading-[1.7]\">Por eso, cuando la speculoos empez\u00f3 a ganar protagonismo como ingrediente de alta pasteler\u00eda, vimos en ella lo mismo que ve\u00edamos en la almendra marcona o en la miel de azahar: un producto con personalidad propia, capaz de elevar un dulce a otra dimensi\u00f3n.<\/p>\n<p class=\"font-claude-response-body break-words whitespace-normal leading-[1.7]\">El resultado es nuestro <strong>Turr\u00f3n de Chocolate con Leche y Galleta Speculoo a la Frambuesa Delicatessen<\/strong>: una tableta en la que conviven el chocolate con leche cremoso, los trozos crujientes de galleta speculoo especiada y el punto \u00e1cido y fresco de la frambuesa liofilizada. Tres sabores que, sobre el papel, podr\u00edan parecer atrevidos, y que en boca funcionan de maravilla.<\/p>\n<p class=\"font-claude-response-body break-words whitespace-normal leading-[1.7]\">La galleta aporta ese fondo especiado y tostado. El chocolate, la dulzura y la untuosidad. La frambuesa, el contraste. Una combinaci\u00f3n que no deja indiferente.<\/p>\n<p class=\"font-claude-response-body break-words whitespace-normal leading-[1.7]\">Adem\u00e1s, este turr\u00f3n forma parte de nuestro <strong>Ba\u00fal Surtido Especial Delicatessen<\/strong>, una selecci\u00f3n de doce dulces gourmet pensada para quienes quieren descubrir lo mejor de nuestra gama sin tener que elegir.<\/p>\n<p><img decoding=\"async\" class=\"wp-image-5893 aligncenter\" src=\"https:\/\/pablogarrigos.com\/wp-content\/uploads\/2026\/04\/4z6a9249-copia-300x200.jpg\" alt=\"\" width=\"581\" height=\"387\" srcset=\"https:\/\/pablogarrigos.com\/wp-content\/uploads\/2026\/04\/4z6a9249-copia-300x200.jpg 300w, https:\/\/pablogarrigos.com\/wp-content\/uploads\/2026\/04\/4z6a9249-copia-1024x683.jpg 1024w, https:\/\/pablogarrigos.com\/wp-content\/uploads\/2026\/04\/4z6a9249-copia-768x512.jpg 768w, https:\/\/pablogarrigos.com\/wp-content\/uploads\/2026\/04\/4z6a9249-copia-1536x1024.jpg 1536w, https:\/\/pablogarrigos.com\/wp-content\/uploads\/2026\/04\/4z6a9249-copia-2048x1365.jpg 2048w, https:\/\/pablogarrigos.com\/wp-content\/uploads\/2026\/04\/4z6a9249-copia-18x12.jpg 18w, https:\/\/pablogarrigos.com\/wp-content\/uploads\/2026\/04\/4z6a9249-copia-600x400.jpg 600w\" sizes=\"(max-width: 581px) 100vw, 581px\" \/><\/p>\n<h2 class=\"text-text-100 mt-3 -mb-1 text-[1.125rem] font-bold\">Por qu\u00e9 la speculoos ha venido para quedarse<\/h2>\n<p class=\"font-claude-response-body break-words whitespace-normal leading-[1.7]\">Hay ingredientes que son tendencia por un momento y otros que, una vez que entran en la cultura gastron\u00f3mica, ya no se van. La speculoos pertenece claramente al segundo grupo.<\/p>\n<p class=\"font-claude-response-body break-words whitespace-normal leading-[1.7]\">Su perfil arom\u00e1tico, esa mezcla de especias que remite al invierno pero que funciona igual en cualquier estaci\u00f3n, la hace vers\u00e1til. Es reconocible para quien la conoce desde peque\u00f1o y sorprendente para quien la descubre por primera vez. Y en un contexto en el que la gastronom\u00eda se mueve entre la nostalgia y la curiosidad, eso es un activo enorme.<\/p>\n<p class=\"font-claude-response-body break-words whitespace-normal leading-[1.7]\">En el mundo del turr\u00f3n artesanal, que lleva siglos construyendo su propio lenguaje de sabores, la speculoos encaja con una naturalidad que cuesta creer que no llevara aqu\u00ed desde siempre.<\/p>\n<p><img decoding=\"async\" class=\"wp-image-5894 aligncenter\" src=\"https:\/\/pablogarrigos.com\/wp-content\/uploads\/2026\/04\/4z6a9245-300x205.jpg\" alt=\"\" width=\"565\" height=\"386\" srcset=\"https:\/\/pablogarrigos.com\/wp-content\/uploads\/2026\/04\/4z6a9245-300x205.jpg 300w, https:\/\/pablogarrigos.com\/wp-content\/uploads\/2026\/04\/4z6a9245-1024x701.jpg 1024w, https:\/\/pablogarrigos.com\/wp-content\/uploads\/2026\/04\/4z6a9245-768x526.jpg 768w, https:\/\/pablogarrigos.com\/wp-content\/uploads\/2026\/04\/4z6a9245-1536x1051.jpg 1536w, https:\/\/pablogarrigos.com\/wp-content\/uploads\/2026\/04\/4z6a9245-2048x1402.jpg 2048w, https:\/\/pablogarrigos.com\/wp-content\/uploads\/2026\/04\/4z6a9245-18x12.jpg 18w, https:\/\/pablogarrigos.com\/wp-content\/uploads\/2026\/04\/4z6a9245-600x411.jpg 600w\" sizes=\"(max-width: 565px) 100vw, 565px\" \/><\/p>\n<h2 class=\"text-text-100 mt-3 -mb-1 text-[1.125rem] font-bold\">Pru\u00e9bala, y ya nos contar\u00e1s<\/h2>\n<p class=\"font-claude-response-body break-words whitespace-normal leading-[1.7]\">Si a\u00fan no has probado nuestra versi\u00f3n del turr\u00f3n con speculoos, te recomendamos que no esperes mucho m\u00e1s. Es uno de esos productos que generan opini\u00f3n desde el primer bocado, y normalmente esa opini\u00f3n es muy favorable.<\/p>\n<p class=\"font-claude-response-body break-words whitespace-normal leading-[1.7]\">Encu\u00e9ntralo en nuestra <a class=\"underline underline underline-offset-2 decoration-1 decoration-current\/40 hover:decoration-current focus:decoration-current\" href=\"https:\/\/pablogarrigos.com\/tienda\/\">tienda online<\/a> junto al resto de turrones y dulces de la gama Delicatessen. Y si quieres descubrir toda la colecci\u00f3n de una vez, el Ba\u00fal Surtido Especial es la forma m\u00e1s completa, y m\u00e1s golosa, de hacerlo.<\/p>\n","protected":false},"excerpt":{"rendered":"<p>Si en los \u00faltimos a\u00f1os has pedido un caf\u00e9 en alguna cafeter\u00eda con pretensiones, es muy probable que junto a la taza hayas encontrado una peque\u00f1a galleta especiada de color marr\u00f3n dorado. Crujiente, con un aroma inconfundible a canela y caramelo, y un sabor que engacha desde el primer bocado. Esa es la speculoos. Y [&hellip;]<\/p>\n","protected":false},"author":4,"featured_media":5896,"comment_status":"closed","ping_status":"closed","sticky":false,"template":"","format":"standard","meta":{"_acf_changed":false,"inline_featured_image":false,"footnotes":""},"categories":[137,1,89,58,123],"tags":[59,77,163,164,162],"class_list":["post-5891","post","type-post","status-publish","format-standard","has-post-thumbnail","hentry","category-actualidad","category-blog","category-gastronomia","category-ideas-para-regalar","category-nuestro-blog","tag-chocolate","tag-frambuesa","tag-galleta","tag-novedades","tag-speculoo"],"acf":[],"yoast_head":"<!-- This site is optimized with the Yoast SEO plugin v27.4 - https:\/\/yoast.com\/product\/yoast-seo-wordpress\/ -->\n<title>La galleta que conquist\u00f3 el mundo y lleg\u00f3 al turr\u00f3n artesanal | Pablo Garrig\u00f3s Iba\u00f1ez<\/title>\n<meta name=\"description\" content=\"Descubre la historia de la galleta speculoos, la tendencia del momento, y c\u00f3mo la hemos incorporado a nuestro turr\u00f3n artesanal en Jijona.\" \/>\n<meta name=\"robots\" content=\"index, follow, max-snippet:-1, max-image-preview:large, max-video-preview:-1\" \/>\n<link rel=\"canonical\" href=\"https:\/\/pablogarrigos.com\/en\/la-galleta-que-conquisto-el-mundo-y-llego-al-turron-artesanal\/\" \/>\n<meta property=\"og:locale\" content=\"en_US\" \/>\n<meta property=\"og:type\" content=\"article\" \/>\n<meta property=\"og:title\" content=\"La galleta que conquist\u00f3 el mundo y lleg\u00f3 al turr\u00f3n artesanal | Pablo Garrig\u00f3s Iba\u00f1ez\" \/>\n<meta property=\"og:description\" content=\"Descubre la historia de la galleta speculoos, la tendencia del momento, y c\u00f3mo la hemos incorporado a nuestro turr\u00f3n artesanal en Jijona.\" \/>\n<meta property=\"og:url\" content=\"https:\/\/pablogarrigos.com\/en\/la-galleta-que-conquisto-el-mundo-y-llego-al-turron-artesanal\/\" \/>\n<meta property=\"og:site_name\" content=\"Pablo Garrig\u00f3s Iba\u00f1ez\" \/>\n<meta property=\"article:published_time\" content=\"2026-04-27T08:16:22+00:00\" \/>\n<meta property=\"og:image\" content=\"https:\/\/pablogarrigos.com\/wp-content\/uploads\/2026\/04\/1-1.jpg\" \/>\n\t<meta property=\"og:image:width\" content=\"1920\" \/>\n\t<meta property=\"og:image:height\" content=\"1080\" \/>\n\t<meta property=\"og:image:type\" content=\"image\/jpeg\" \/>\n<meta name=\"author\" content=\"Andrea\" \/>\n<meta name=\"twitter:card\" content=\"summary_large_image\" \/>\n<meta name=\"twitter:label1\" content=\"Written by\" \/>\n\t<meta name=\"twitter:data1\" content=\"Andrea\" \/>\n\t<meta name=\"twitter:label2\" content=\"Est. reading time\" \/>\n\t<meta name=\"twitter:data2\" content=\"5 minutes\" \/>\n<script type=\"application\/ld+json\" class=\"yoast-schema-graph\">{\"@context\":\"https:\\\/\\\/schema.org\",\"@graph\":[{\"@type\":\"Article\",\"@id\":\"https:\\\/\\\/pablogarrigos.com\\\/la-galleta-que-conquisto-el-mundo-y-llego-al-turron-artesanal\\\/#article\",\"isPartOf\":{\"@id\":\"https:\\\/\\\/pablogarrigos.com\\\/la-galleta-que-conquisto-el-mundo-y-llego-al-turron-artesanal\\\/\"},\"author\":{\"name\":\"Andrea\",\"@id\":\"https:\\\/\\\/pablogarrigos.com\\\/#\\\/schema\\\/person\\\/ebfde91cc20d36643b77bcb450f156c7\"},\"headline\":\"La galleta que conquist\u00f3 el mundo y lleg\u00f3 al turr\u00f3n artesanal\",\"datePublished\":\"2026-04-27T08:16:22+00:00\",\"mainEntityOfPage\":{\"@id\":\"https:\\\/\\\/pablogarrigos.com\\\/la-galleta-que-conquisto-el-mundo-y-llego-al-turron-artesanal\\\/\"},\"wordCount\":828,\"publisher\":{\"@id\":\"https:\\\/\\\/pablogarrigos.com\\\/#organization\"},\"image\":{\"@id\":\"https:\\\/\\\/pablogarrigos.com\\\/la-galleta-que-conquisto-el-mundo-y-llego-al-turron-artesanal\\\/#primaryimage\"},\"thumbnailUrl\":\"https:\\\/\\\/pablogarrigos.com\\\/wp-content\\\/uploads\\\/2026\\\/04\\\/1-1.jpg\",\"keywords\":[\"chocolate\",\"Frambuesa\",\"galleta\",\"novedades\",\"speculoo\"],\"articleSection\":[\"Actualidad\",\"Blog\",\"Gastronom\u00eda\",\"Ideas para regalar\",\"Nuestro blog\"],\"inLanguage\":\"en-US\"},{\"@type\":\"WebPage\",\"@id\":\"https:\\\/\\\/pablogarrigos.com\\\/la-galleta-que-conquisto-el-mundo-y-llego-al-turron-artesanal\\\/\",\"url\":\"https:\\\/\\\/pablogarrigos.com\\\/la-galleta-que-conquisto-el-mundo-y-llego-al-turron-artesanal\\\/\",\"name\":\"La galleta que conquist\u00f3 el mundo y lleg\u00f3 al turr\u00f3n artesanal | Pablo Garrig\u00f3s Iba\u00f1ez\",\"isPartOf\":{\"@id\":\"https:\\\/\\\/pablogarrigos.com\\\/#website\"},\"primaryImageOfPage\":{\"@id\":\"https:\\\/\\\/pablogarrigos.com\\\/la-galleta-que-conquisto-el-mundo-y-llego-al-turron-artesanal\\\/#primaryimage\"},\"image\":{\"@id\":\"https:\\\/\\\/pablogarrigos.com\\\/la-galleta-que-conquisto-el-mundo-y-llego-al-turron-artesanal\\\/#primaryimage\"},\"thumbnailUrl\":\"https:\\\/\\\/pablogarrigos.com\\\/wp-content\\\/uploads\\\/2026\\\/04\\\/1-1.jpg\",\"datePublished\":\"2026-04-27T08:16:22+00:00\",\"description\":\"Descubre la historia de la galleta speculoos, la tendencia del momento, y c\u00f3mo la hemos incorporado a nuestro turr\u00f3n artesanal en Jijona.\",\"breadcrumb\":{\"@id\":\"https:\\\/\\\/pablogarrigos.com\\\/la-galleta-que-conquisto-el-mundo-y-llego-al-turron-artesanal\\\/#breadcrumb\"},\"inLanguage\":\"en-US\",\"potentialAction\":[{\"@type\":\"ReadAction\",\"target\":[\"https:\\\/\\\/pablogarrigos.com\\\/la-galleta-que-conquisto-el-mundo-y-llego-al-turron-artesanal\\\/\"]}]},{\"@type\":\"ImageObject\",\"inLanguage\":\"en-US\",\"@id\":\"https:\\\/\\\/pablogarrigos.com\\\/la-galleta-que-conquisto-el-mundo-y-llego-al-turron-artesanal\\\/#primaryimage\",\"url\":\"https:\\\/\\\/pablogarrigos.com\\\/wp-content\\\/uploads\\\/2026\\\/04\\\/1-1.jpg\",\"contentUrl\":\"https:\\\/\\\/pablogarrigos.com\\\/wp-content\\\/uploads\\\/2026\\\/04\\\/1-1.jpg\",\"width\":1920,\"height\":1080},{\"@type\":\"BreadcrumbList\",\"@id\":\"https:\\\/\\\/pablogarrigos.com\\\/la-galleta-que-conquisto-el-mundo-y-llego-al-turron-artesanal\\\/#breadcrumb\",\"itemListElement\":[{\"@type\":\"ListItem\",\"position\":1,\"name\":\"Home\",\"item\":\"https:\\\/\\\/pablogarrigos.com\\\/en\\\/\"},{\"@type\":\"ListItem\",\"position\":2,\"name\":\"La galleta que conquist\u00f3 el mundo y lleg\u00f3 al turr\u00f3n artesanal\"}]},{\"@type\":\"WebSite\",\"@id\":\"https:\\\/\\\/pablogarrigos.com\\\/#website\",\"url\":\"https:\\\/\\\/pablogarrigos.com\\\/\",\"name\":\"Pablo Garrig\u00f3s Iba\u00f1ez\",\"description\":\"El Sentido del Gusto\",\"publisher\":{\"@id\":\"https:\\\/\\\/pablogarrigos.com\\\/#organization\"},\"potentialAction\":[{\"@type\":\"SearchAction\",\"target\":{\"@type\":\"EntryPoint\",\"urlTemplate\":\"https:\\\/\\\/pablogarrigos.com\\\/?s={search_term_string}\"},\"query-input\":{\"@type\":\"PropertyValueSpecification\",\"valueRequired\":true,\"valueName\":\"search_term_string\"}}],\"inLanguage\":\"en-US\"},{\"@type\":\"Organization\",\"@id\":\"https:\\\/\\\/pablogarrigos.com\\\/#organization\",\"name\":\"Pablo Garrig\u00f3s Iba\u00f1ez\",\"url\":\"https:\\\/\\\/pablogarrigos.com\\\/\",\"logo\":{\"@type\":\"ImageObject\",\"inLanguage\":\"en-US\",\"@id\":\"https:\\\/\\\/pablogarrigos.com\\\/#\\\/schema\\\/logo\\\/image\\\/\",\"url\":\"https:\\\/\\\/pablogarrigos.com\\\/wp-content\\\/uploads\\\/2024\\\/02\\\/logo-pablogarrigos.png\",\"contentUrl\":\"https:\\\/\\\/pablogarrigos.com\\\/wp-content\\\/uploads\\\/2024\\\/02\\\/logo-pablogarrigos.png\",\"width\":1247,\"height\":480,\"caption\":\"Pablo Garrig\u00f3s Iba\u00f1ez\"},\"image\":{\"@id\":\"https:\\\/\\\/pablogarrigos.com\\\/#\\\/schema\\\/logo\\\/image\\\/\"}},{\"@type\":\"Person\",\"@id\":\"https:\\\/\\\/pablogarrigos.com\\\/#\\\/schema\\\/person\\\/ebfde91cc20d36643b77bcb450f156c7\",\"name\":\"Andrea\",\"image\":{\"@type\":\"ImageObject\",\"inLanguage\":\"en-US\",\"@id\":\"https:\\\/\\\/secure.gravatar.com\\\/avatar\\\/f562d96dca0497518833c6ac06099c9f416d9a9f4bfc061fa19ec8df0c4ea4b9?s=96&d=mm&r=g\",\"url\":\"https:\\\/\\\/secure.gravatar.com\\\/avatar\\\/f562d96dca0497518833c6ac06099c9f416d9a9f4bfc061fa19ec8df0c4ea4b9?s=96&d=mm&r=g\",\"contentUrl\":\"https:\\\/\\\/secure.gravatar.com\\\/avatar\\\/f562d96dca0497518833c6ac06099c9f416d9a9f4bfc061fa19ec8df0c4ea4b9?s=96&d=mm&r=g\",\"caption\":\"Andrea\"}}]}<\/script>\n<!-- \/ Yoast SEO plugin. -->","yoast_head_json":{"title":"La galleta que conquist\u00f3 el mundo y lleg\u00f3 al turr\u00f3n artesanal | Pablo Garrig\u00f3s Iba\u00f1ez","description":"Descubre la historia de la galleta speculoos, la tendencia del momento, y c\u00f3mo la hemos incorporado a nuestro turr\u00f3n artesanal en Jijona.","robots":{"index":"index","follow":"follow","max-snippet":"max-snippet:-1","max-image-preview":"max-image-preview:large","max-video-preview":"max-video-preview:-1"},"canonical":"https:\/\/pablogarrigos.com\/en\/la-galleta-que-conquisto-el-mundo-y-llego-al-turron-artesanal\/","og_locale":"en_US","og_type":"article","og_title":"La galleta que conquist\u00f3 el mundo y lleg\u00f3 al turr\u00f3n artesanal | Pablo Garrig\u00f3s Iba\u00f1ez","og_description":"Descubre la historia de la galleta speculoos, la tendencia del momento, y c\u00f3mo la hemos incorporado a nuestro turr\u00f3n artesanal en Jijona.","og_url":"https:\/\/pablogarrigos.com\/en\/la-galleta-que-conquisto-el-mundo-y-llego-al-turron-artesanal\/","og_site_name":"Pablo Garrig\u00f3s Iba\u00f1ez","article_published_time":"2026-04-27T08:16:22+00:00","og_image":[{"width":1920,"height":1080,"url":"https:\/\/pablogarrigos.com\/wp-content\/uploads\/2026\/04\/1-1.jpg","type":"image\/jpeg"}],"author":"Andrea","twitter_card":"summary_large_image","twitter_misc":{"Written by":"Andrea","Est. reading time":"5 minutes"},"schema":{"@context":"https:\/\/schema.org","@graph":[{"@type":"Article","@id":"https:\/\/pablogarrigos.com\/la-galleta-que-conquisto-el-mundo-y-llego-al-turron-artesanal\/#article","isPartOf":{"@id":"https:\/\/pablogarrigos.com\/la-galleta-que-conquisto-el-mundo-y-llego-al-turron-artesanal\/"},"author":{"name":"Andrea","@id":"https:\/\/pablogarrigos.com\/#\/schema\/person\/ebfde91cc20d36643b77bcb450f156c7"},"headline":"La galleta que conquist\u00f3 el mundo y lleg\u00f3 al turr\u00f3n artesanal","datePublished":"2026-04-27T08:16:22+00:00","mainEntityOfPage":{"@id":"https:\/\/pablogarrigos.com\/la-galleta-que-conquisto-el-mundo-y-llego-al-turron-artesanal\/"},"wordCount":828,"publisher":{"@id":"https:\/\/pablogarrigos.com\/#organization"},"image":{"@id":"https:\/\/pablogarrigos.com\/la-galleta-que-conquisto-el-mundo-y-llego-al-turron-artesanal\/#primaryimage"},"thumbnailUrl":"https:\/\/pablogarrigos.com\/wp-content\/uploads\/2026\/04\/1-1.jpg","keywords":["chocolate","Frambuesa","galleta","novedades","speculoo"],"articleSection":["Actualidad","Blog","Gastronom\u00eda","Ideas para regalar","Nuestro blog"],"inLanguage":"en-US"},{"@type":"WebPage","@id":"https:\/\/pablogarrigos.com\/la-galleta-que-conquisto-el-mundo-y-llego-al-turron-artesanal\/","url":"https:\/\/pablogarrigos.com\/la-galleta-que-conquisto-el-mundo-y-llego-al-turron-artesanal\/","name":"La galleta que conquist\u00f3 el mundo y lleg\u00f3 al turr\u00f3n artesanal | Pablo Garrig\u00f3s Iba\u00f1ez","isPartOf":{"@id":"https:\/\/pablogarrigos.com\/#website"},"primaryImageOfPage":{"@id":"https:\/\/pablogarrigos.com\/la-galleta-que-conquisto-el-mundo-y-llego-al-turron-artesanal\/#primaryimage"},"image":{"@id":"https:\/\/pablogarrigos.com\/la-galleta-que-conquisto-el-mundo-y-llego-al-turron-artesanal\/#primaryimage"},"thumbnailUrl":"https:\/\/pablogarrigos.com\/wp-content\/uploads\/2026\/04\/1-1.jpg","datePublished":"2026-04-27T08:16:22+00:00","description":"Descubre la historia de la galleta speculoos, la tendencia del momento, y c\u00f3mo la hemos incorporado a nuestro turr\u00f3n artesanal en Jijona.","breadcrumb":{"@id":"https:\/\/pablogarrigos.com\/la-galleta-que-conquisto-el-mundo-y-llego-al-turron-artesanal\/#breadcrumb"},"inLanguage":"en-US","potentialAction":[{"@type":"ReadAction","target":["https:\/\/pablogarrigos.com\/la-galleta-que-conquisto-el-mundo-y-llego-al-turron-artesanal\/"]}]},{"@type":"ImageObject","inLanguage":"en-US","@id":"https:\/\/pablogarrigos.com\/la-galleta-que-conquisto-el-mundo-y-llego-al-turron-artesanal\/#primaryimage","url":"https:\/\/pablogarrigos.com\/wp-content\/uploads\/2026\/04\/1-1.jpg","contentUrl":"https:\/\/pablogarrigos.com\/wp-content\/uploads\/2026\/04\/1-1.jpg","width":1920,"height":1080},{"@type":"BreadcrumbList","@id":"https:\/\/pablogarrigos.com\/la-galleta-que-conquisto-el-mundo-y-llego-al-turron-artesanal\/#breadcrumb","itemListElement":[{"@type":"ListItem","position":1,"name":"Home","item":"https:\/\/pablogarrigos.com\/en\/"},{"@type":"ListItem","position":2,"name":"La galleta que conquist\u00f3 el mundo y lleg\u00f3 al turr\u00f3n artesanal"}]},{"@type":"WebSite","@id":"https:\/\/pablogarrigos.com\/#website","url":"https:\/\/pablogarrigos.com\/","name":"Pablo Garrig\u00f3s Iba\u00f1ez","description":"The Sense of Taste","publisher":{"@id":"https:\/\/pablogarrigos.com\/#organization"},"potentialAction":[{"@type":"SearchAction","target":{"@type":"EntryPoint","urlTemplate":"https:\/\/pablogarrigos.com\/?s={search_term_string}"},"query-input":{"@type":"PropertyValueSpecification","valueRequired":true,"valueName":"search_term_string"}}],"inLanguage":"en-US"},{"@type":"Organization","@id":"https:\/\/pablogarrigos.com\/#organization","name":"Pablo Garrig\u00f3s Iba\u00f1ez","url":"https:\/\/pablogarrigos.com\/","logo":{"@type":"ImageObject","inLanguage":"en-US","@id":"https:\/\/pablogarrigos.com\/#\/schema\/logo\/image\/","url":"https:\/\/pablogarrigos.com\/wp-content\/uploads\/2024\/02\/logo-pablogarrigos.png","contentUrl":"https:\/\/pablogarrigos.com\/wp-content\/uploads\/2024\/02\/logo-pablogarrigos.png","width":1247,"height":480,"caption":"Pablo Garrig\u00f3s Iba\u00f1ez"},"image":{"@id":"https:\/\/pablogarrigos.com\/#\/schema\/logo\/image\/"}},{"@type":"Person","@id":"https:\/\/pablogarrigos.com\/#\/schema\/person\/ebfde91cc20d36643b77bcb450f156c7","name":"Andrea","image":{"@type":"ImageObject","inLanguage":"en-US","@id":"https:\/\/secure.gravatar.com\/avatar\/f562d96dca0497518833c6ac06099c9f416d9a9f4bfc061fa19ec8df0c4ea4b9?s=96&d=mm&r=g","url":"https:\/\/secure.gravatar.com\/avatar\/f562d96dca0497518833c6ac06099c9f416d9a9f4bfc061fa19ec8df0c4ea4b9?s=96&d=mm&r=g","contentUrl":"https:\/\/secure.gravatar.com\/avatar\/f562d96dca0497518833c6ac06099c9f416d9a9f4bfc061fa19ec8df0c4ea4b9?s=96&d=mm&r=g","caption":"Andrea"}}]}},"_links":{"self":[{"href":"https:\/\/pablogarrigos.com\/en\/wp-json\/wp\/v2\/posts\/5891","targetHints":{"allow":["GET"]}}],"collection":[{"href":"https:\/\/pablogarrigos.com\/en\/wp-json\/wp\/v2\/posts"}],"about":[{"href":"https:\/\/pablogarrigos.com\/en\/wp-json\/wp\/v2\/types\/post"}],"author":[{"embeddable":true,"href":"https:\/\/pablogarrigos.com\/en\/wp-json\/wp\/v2\/users\/4"}],"replies":[{"embeddable":true,"href":"https:\/\/pablogarrigos.com\/en\/wp-json\/wp\/v2\/comments?post=5891"}],"version-history":[{"count":1,"href":"https:\/\/pablogarrigos.com\/en\/wp-json\/wp\/v2\/posts\/5891\/revisions"}],"predecessor-version":[{"id":5898,"href":"https:\/\/pablogarrigos.com\/en\/wp-json\/wp\/v2\/posts\/5891\/revisions\/5898"}],"wp:featuredmedia":[{"embeddable":true,"href":"https:\/\/pablogarrigos.com\/en\/wp-json\/wp\/v2\/media\/5896"}],"wp:attachment":[{"href":"https:\/\/pablogarrigos.com\/en\/wp-json\/wp\/v2\/media?parent=5891"}],"wp:term":[{"taxonomy":"category","embeddable":true,"href":"https:\/\/pablogarrigos.com\/en\/wp-json\/wp\/v2\/categories?post=5891"},{"taxonomy":"post_tag","embeddable":true,"href":"https:\/\/pablogarrigos.com\/en\/wp-json\/wp\/v2\/tags?post=5891"}],"curies":[{"name":"wp","href":"https:\/\/api.w.org\/{rel}","templated":true}]}}