{"id":5459,"date":"2025-11-30T10:55:11","date_gmt":"2025-11-30T09:55:11","guid":{"rendered":"https:\/\/pablogarrigos.com\/?p=5459"},"modified":"2025-11-27T11:08:23","modified_gmt":"2025-11-27T10:08:23","slug":"vuelven-los-panettones-gourmet-de-pablo-garrigos-ibanez","status":"publish","type":"post","link":"https:\/\/pablogarrigos.com\/en\/vuelven-los-panettones-gourmet-de-pablo-garrigos-ibanez\/","title":{"rendered":"Vuelven los Panettones Gourmet de Pablo Garrig\u00f3s Ib\u00e1\u00f1ez"},"content":{"rendered":"<p data-start=\"308\" data-end=\"569\">La espera ha terminado. Con la llegada de la temporada m\u00e1s m\u00e1gica del a\u00f1o, en <a href=\"https:\/\/pablogarrigos.com\/en\/\"><strong data-start=\"386\" data-end=\"411\">Pablo Garrig\u00f3s Ib\u00e1\u00f1ez<\/strong><\/a> recuperamos uno de nuestros productos m\u00e1s buscados y exclusivos: <strong data-start=\"477\" data-end=\"503\">los Panettones Gourmet<\/strong>, una edici\u00f3n limitada que solo est\u00e1 disponible durante Navidad.<\/p>\n<p data-start=\"571\" data-end=\"714\">Y s\u00ed, ya est\u00e1n <strong data-start=\"586\" data-end=\"609\">de vuelta en la web<\/strong>. Tres sabores, tres personalidades, tres maneras de disfrutar de la excelencia repostera que nos define.<\/p>\n<h2 data-start=\"721\" data-end=\"766\">Tres panettones, tres formas de celebrar<\/h2>\n<h3 data-start=\"768\" data-end=\"810\"><strong data-start=\"775\" data-end=\"808\">Panettone de Turr\u00f3n de Jijona<\/strong><\/h3>\n<p data-start=\"811\" data-end=\"1219\">Un homenaje al <strong data-start=\"826\" data-end=\"853\">cl\u00e1sico de los cl\u00e1sicos<\/strong>. Nuestro panettone elaborado con aut\u00e9ntico turr\u00f3n de Jijona es pura tradici\u00f3n mediterr\u00e1nea en su versi\u00f3n m\u00e1s esponjosa y arom\u00e1tica. Cada bocado recuerda a esas sobremesas de siempre, a los sabores que han acompa\u00f1ado a generaciones y que siguen siendo el coraz\u00f3n de cualquier mesa navide\u00f1a. Ideal para quienes buscan un dulce elegante, suave y absolutamente ic\u00f3nico.<\/p>\n<p data-start=\"811\" data-end=\"1219\"><img fetchpriority=\"high\" decoding=\"async\" class=\"wp-image-5461 aligncenter\" src=\"https:\/\/pablogarrigos.com\/wp-content\/uploads\/2025\/11\/p1111724-169x300.jpg\" alt=\"\" width=\"351\" height=\"623\" srcset=\"https:\/\/pablogarrigos.com\/wp-content\/uploads\/2025\/11\/p1111724-169x300.jpg 169w, https:\/\/pablogarrigos.com\/wp-content\/uploads\/2025\/11\/p1111724-577x1024.jpg 577w, https:\/\/pablogarrigos.com\/wp-content\/uploads\/2025\/11\/p1111724-768x1363.jpg 768w, https:\/\/pablogarrigos.com\/wp-content\/uploads\/2025\/11\/p1111724-865x1536.jpg 865w, https:\/\/pablogarrigos.com\/wp-content\/uploads\/2025\/11\/p1111724-1154x2048.jpg 1154w, https:\/\/pablogarrigos.com\/wp-content\/uploads\/2025\/11\/p1111724-7x12.jpg 7w, https:\/\/pablogarrigos.com\/wp-content\/uploads\/2025\/11\/p1111724-600x1065.jpg 600w, https:\/\/pablogarrigos.com\/wp-content\/uploads\/2025\/11\/p1111724-scaled.jpg 1442w\" sizes=\"(max-width: 351px) 100vw, 351px\" \/><\/p>\n<h3 data-start=\"1221\" data-end=\"1256\"><strong data-start=\"1228\" data-end=\"1254\">Panettone de Chocolate<\/strong><\/h3>\n<p data-start=\"1257\" data-end=\"1556\">Pensado para los verdaderos amantes del cacao. Con una masa tierna y generosas vetas de chocolate artesano, este panettone es una experiencia intensa, profunda y deliciosa. Perfecto para acompa\u00f1ar con un caf\u00e9, para regalar\u2026 o para no compartir con nadie. La tentaci\u00f3n en estado puro.<\/p>\n<p data-start=\"1257\" data-end=\"1556\"><img decoding=\"async\" class=\"aligncenter wp-image-4063\" src=\"https:\/\/pablogarrigos.com\/wp-content\/uploads\/2024\/09\/pan-2-alta-1-1024x1024.jpg\" alt=\"\" width=\"641\" height=\"641\" srcset=\"https:\/\/pablogarrigos.com\/wp-content\/uploads\/2024\/09\/pan-2-alta-1-1024x1024.jpg 1024w, https:\/\/pablogarrigos.com\/wp-content\/uploads\/2024\/09\/pan-2-alta-1-300x300.jpg 300w, https:\/\/pablogarrigos.com\/wp-content\/uploads\/2024\/09\/pan-2-alta-1-150x150.jpg 150w, https:\/\/pablogarrigos.com\/wp-content\/uploads\/2024\/09\/pan-2-alta-1-768x768.jpg 768w, https:\/\/pablogarrigos.com\/wp-content\/uploads\/2024\/09\/pan-2-alta-1-1536x1536.jpg 1536w, https:\/\/pablogarrigos.com\/wp-content\/uploads\/2024\/09\/pan-2-alta-1-2048x2048.jpg 2048w, https:\/\/pablogarrigos.com\/wp-content\/uploads\/2024\/09\/pan-2-alta-1-12x12.jpg 12w, https:\/\/pablogarrigos.com\/wp-content\/uploads\/2024\/09\/pan-2-alta-1-600x600.jpg 600w, https:\/\/pablogarrigos.com\/wp-content\/uploads\/2024\/09\/pan-2-alta-1-100x100.jpg 100w\" sizes=\"(max-width: 641px) 100vw, 641px\" \/><\/p>\n<h3 data-start=\"1558\" data-end=\"1605\"><strong data-start=\"1565\" data-end=\"1603\">Panettone de Chocolate con Naranja<\/strong><\/h3>\n<p data-start=\"1606\" data-end=\"1911\">El equilibrio perfecto entre dulzura e intensidad mediterr\u00e1nea. El frescor de la naranja confitada se funde con el chocolate, creando un contraste arom\u00e1tico que conquista a quienes buscan algo diferente, m\u00e1s sofisticado y sorprendente. Una combinaci\u00f3n llena de car\u00e1cter, ideal para los paladares curiosos.<\/p>\n<p data-start=\"1606\" data-end=\"1911\"><img decoding=\"async\" class=\"aligncenter wp-image-4151\" src=\"https:\/\/pablogarrigos.com\/wp-content\/uploads\/2024\/10\/1.REVISTA-1024x742.png\" alt=\"Panettone de chocolate y naranja\" width=\"686\" height=\"497\" srcset=\"https:\/\/pablogarrigos.com\/wp-content\/uploads\/2024\/10\/1.REVISTA-1024x742.png 1024w, https:\/\/pablogarrigos.com\/wp-content\/uploads\/2024\/10\/1.REVISTA-300x217.png 300w, https:\/\/pablogarrigos.com\/wp-content\/uploads\/2024\/10\/1.REVISTA-768x557.png 768w, https:\/\/pablogarrigos.com\/wp-content\/uploads\/2024\/10\/1.REVISTA-1536x1114.png 1536w, https:\/\/pablogarrigos.com\/wp-content\/uploads\/2024\/10\/1.REVISTA-2048x1485.png 2048w, https:\/\/pablogarrigos.com\/wp-content\/uploads\/2024\/10\/1.REVISTA-18x12.png 18w, https:\/\/pablogarrigos.com\/wp-content\/uploads\/2024\/10\/1.REVISTA-600x435.png 600w\" sizes=\"(max-width: 686px) 100vw, 686px\" \/><\/p>\n<h2 data-start=\"1918\" data-end=\"1966\">Un imprescindible en las mesas navide\u00f1as<\/h2>\n<p data-start=\"1967\" data-end=\"2240\">Creemos que la Navidad se celebra con detalles que inspiran. Nuestros panettones son <a href=\"https:\/\/www.instagram.com\/pablogarrigosibanez\/\"><strong data-start=\"2077\" data-end=\"2088\">gourmet<\/strong><\/a>, artesanos y creados con ingredientes seleccionados con el mismo mimo que ponemos en nuestros turrones. Por eso, no solo son un dulce para disfrutar:<\/p>\n<ul data-start=\"2241\" data-end=\"2415\">\n<li data-start=\"2241\" data-end=\"2279\">\n<p data-start=\"2243\" data-end=\"2279\"><strong data-start=\"2243\" data-end=\"2277\">Realzan cualquier mesa festiva<\/strong><\/p>\n<\/li>\n<li data-start=\"2280\" data-end=\"2343\">\n<p data-start=\"2282\" data-end=\"2343\">Son un regalo perfecto para anfitriones, familia o clientes<\/p>\n<\/li>\n<li data-start=\"2344\" data-end=\"2415\">\n<p data-start=\"2346\" data-end=\"2415\">A\u00f1aden ese toque de lujo c\u00e1lido y acogedor que define nuestra marca<\/p>\n<\/li>\n<\/ul>\n<p data-start=\"2417\" data-end=\"2531\">Adem\u00e1s, combinan de maravilla con caf\u00e9, cacaos calientes, vinos dulces o incluso como parte de un brunch navide\u00f1o.<\/p>\n<h2 data-start=\"2538\" data-end=\"2585\">Producto exclusivo y de edici\u00f3n limitada<\/h2>\n<p data-start=\"2586\" data-end=\"2733\">Recuerda: los panettones solo est\u00e1n disponibles durante estas fechas y vuelan cada temporada. Si quieres asegurarte el tuyo, ahora es el momento.<\/p>\n<p data-start=\"2586\" data-end=\"2733\"><img loading=\"lazy\" decoding=\"async\" class=\"wp-image-5460 aligncenter\" src=\"https:\/\/pablogarrigos.com\/wp-content\/uploads\/2025\/11\/blackfriday-2025-1080x1080-v3-300x300.jpg\" alt=\"\" width=\"465\" height=\"465\" srcset=\"https:\/\/pablogarrigos.com\/wp-content\/uploads\/2025\/11\/blackfriday-2025-1080x1080-v3-300x300.jpg 300w, https:\/\/pablogarrigos.com\/wp-content\/uploads\/2025\/11\/blackfriday-2025-1080x1080-v3-1024x1024.jpg 1024w, https:\/\/pablogarrigos.com\/wp-content\/uploads\/2025\/11\/blackfriday-2025-1080x1080-v3-150x150.jpg 150w, https:\/\/pablogarrigos.com\/wp-content\/uploads\/2025\/11\/blackfriday-2025-1080x1080-v3-768x768.jpg 768w, https:\/\/pablogarrigos.com\/wp-content\/uploads\/2025\/11\/blackfriday-2025-1080x1080-v3-12x12.jpg 12w, https:\/\/pablogarrigos.com\/wp-content\/uploads\/2025\/11\/blackfriday-2025-1080x1080-v3-600x600.jpg 600w, https:\/\/pablogarrigos.com\/wp-content\/uploads\/2025\/11\/blackfriday-2025-1080x1080-v3-100x100.jpg 100w, https:\/\/pablogarrigos.com\/wp-content\/uploads\/2025\/11\/blackfriday-2025-1080x1080-v3.jpg 1080w\" sizes=\"(max-width: 465px) 100vw, 465px\" \/><\/p>\n<p data-start=\"2735\" data-end=\"2924\">","protected":false},"excerpt":{"rendered":"<p>La espera ha terminado. Con la llegada de la temporada m\u00e1s m\u00e1gica del a\u00f1o, en Pablo Garrig\u00f3s Ib\u00e1\u00f1ez recuperamos uno de nuestros productos m\u00e1s buscados y exclusivos: los Panettones Gourmet, una edici\u00f3n limitada que solo est\u00e1 disponible durante Navidad. Y s\u00ed, ya est\u00e1n de vuelta en la web. Tres sabores, tres personalidades, tres maneras de [&hellip;]<\/p>\n","protected":false},"author":4,"featured_media":5462,"comment_status":"closed","ping_status":"closed","sticky":false,"template":"","format":"standard","meta":{"_acf_changed":false,"inline_featured_image":false,"footnotes":""},"categories":[137,1,90,58],"tags":[59,52,53,159,87],"class_list":["post-5459","post","type-post","status-publish","format-standard","has-post-thumbnail","hentry","category-actualidad","category-blog","category-gourmet","category-ideas-para-regalar","tag-chocolate","tag-gourmet","tag-pablo-garrigos-ibanez","tag-panettone","tag-pasta-de-turron-de-jijona"],"acf":[],"yoast_head":"<!-- This site is optimized with the Yoast SEO plugin v27.4 - https:\/\/yoast.com\/product\/yoast-seo-wordpress\/ -->\n<title>Vuelven los Panettones Gourmet de Pablo Garrig\u00f3s Ib\u00e1\u00f1ez | Pablo Garrig\u00f3s Iba\u00f1ez<\/title>\n<meta name=\"description\" content=\"Vuelven los Panettones Gourmet de Pablo Garrig\u00f3s Ib\u00e1\u00f1ez, uno de los productos exclusivos de esta temporada m\u00e1s deseados.\" \/>\n<meta name=\"robots\" content=\"index, follow, max-snippet:-1, max-image-preview:large, max-video-preview:-1\" \/>\n<link rel=\"canonical\" href=\"https:\/\/pablogarrigos.com\/en\/vuelven-los-panettones-gourmet-de-pablo-garrigos-ibanez\/\" \/>\n<meta property=\"og:locale\" content=\"en_US\" \/>\n<meta property=\"og:type\" content=\"article\" \/>\n<meta property=\"og:title\" content=\"Vuelven los Panettones Gourmet de Pablo Garrig\u00f3s Ib\u00e1\u00f1ez | Pablo Garrig\u00f3s Iba\u00f1ez\" \/>\n<meta property=\"og:description\" content=\"Vuelven los Panettones Gourmet de Pablo Garrig\u00f3s Ib\u00e1\u00f1ez, uno de los productos exclusivos de esta temporada m\u00e1s deseados.\" \/>\n<meta property=\"og:url\" content=\"https:\/\/pablogarrigos.com\/en\/vuelven-los-panettones-gourmet-de-pablo-garrigos-ibanez\/\" \/>\n<meta property=\"og:site_name\" content=\"Pablo Garrig\u00f3s Iba\u00f1ez\" \/>\n<meta property=\"article:published_time\" content=\"2025-11-30T09:55:11+00:00\" \/>\n<meta property=\"og:image\" content=\"https:\/\/pablogarrigos.com\/wp-content\/uploads\/2025\/11\/p1111656-scaled.jpg\" \/>\n\t<meta property=\"og:image:width\" content=\"2560\" \/>\n\t<meta property=\"og:image:height\" content=\"1442\" \/>\n\t<meta property=\"og:image:type\" content=\"image\/jpeg\" \/>\n<meta name=\"author\" content=\"Andrea\" \/>\n<meta name=\"twitter:card\" content=\"summary_large_image\" \/>\n<meta name=\"twitter:label1\" content=\"Written by\" \/>\n\t<meta name=\"twitter:data1\" content=\"Andrea\" \/>\n\t<meta name=\"twitter:label2\" content=\"Est. reading time\" \/>\n\t<meta name=\"twitter:data2\" content=\"3 minutes\" \/>\n<script type=\"application\/ld+json\" class=\"yoast-schema-graph\">{\"@context\":\"https:\\\/\\\/schema.org\",\"@graph\":[{\"@type\":\"Article\",\"@id\":\"https:\\\/\\\/pablogarrigos.com\\\/vuelven-los-panettones-gourmet-de-pablo-garrigos-ibanez\\\/#article\",\"isPartOf\":{\"@id\":\"https:\\\/\\\/pablogarrigos.com\\\/vuelven-los-panettones-gourmet-de-pablo-garrigos-ibanez\\\/\"},\"author\":{\"name\":\"Andrea\",\"@id\":\"https:\\\/\\\/pablogarrigos.com\\\/#\\\/schema\\\/person\\\/ebfde91cc20d36643b77bcb450f156c7\"},\"headline\":\"Vuelven los Panettones Gourmet de Pablo Garrig\u00f3s Ib\u00e1\u00f1ez\",\"datePublished\":\"2025-11-30T09:55:11+00:00\",\"mainEntityOfPage\":{\"@id\":\"https:\\\/\\\/pablogarrigos.com\\\/vuelven-los-panettones-gourmet-de-pablo-garrigos-ibanez\\\/\"},\"wordCount\":395,\"publisher\":{\"@id\":\"https:\\\/\\\/pablogarrigos.com\\\/#organization\"},\"image\":{\"@id\":\"https:\\\/\\\/pablogarrigos.com\\\/vuelven-los-panettones-gourmet-de-pablo-garrigos-ibanez\\\/#primaryimage\"},\"thumbnailUrl\":\"https:\\\/\\\/pablogarrigos.com\\\/wp-content\\\/uploads\\\/2025\\\/11\\\/p1111656-scaled.jpg\",\"keywords\":[\"chocolate\",\"gourmet\",\"Pablo Garrig\u00f3s Ib\u00e1\u00f1ez\",\"Panettone\",\"Pasta de turr\u00f3n de Jijona\"],\"articleSection\":[\"Actualidad\",\"Blog\",\"Gourmet\",\"Ideas para regalar\"],\"inLanguage\":\"en-US\"},{\"@type\":\"WebPage\",\"@id\":\"https:\\\/\\\/pablogarrigos.com\\\/vuelven-los-panettones-gourmet-de-pablo-garrigos-ibanez\\\/\",\"url\":\"https:\\\/\\\/pablogarrigos.com\\\/vuelven-los-panettones-gourmet-de-pablo-garrigos-ibanez\\\/\",\"name\":\"Vuelven los Panettones Gourmet de Pablo Garrig\u00f3s Ib\u00e1\u00f1ez | Pablo Garrig\u00f3s Iba\u00f1ez\",\"isPartOf\":{\"@id\":\"https:\\\/\\\/pablogarrigos.com\\\/#website\"},\"primaryImageOfPage\":{\"@id\":\"https:\\\/\\\/pablogarrigos.com\\\/vuelven-los-panettones-gourmet-de-pablo-garrigos-ibanez\\\/#primaryimage\"},\"image\":{\"@id\":\"https:\\\/\\\/pablogarrigos.com\\\/vuelven-los-panettones-gourmet-de-pablo-garrigos-ibanez\\\/#primaryimage\"},\"thumbnailUrl\":\"https:\\\/\\\/pablogarrigos.com\\\/wp-content\\\/uploads\\\/2025\\\/11\\\/p1111656-scaled.jpg\",\"datePublished\":\"2025-11-30T09:55:11+00:00\",\"description\":\"Vuelven los Panettones Gourmet de Pablo Garrig\u00f3s Ib\u00e1\u00f1ez, uno de los productos exclusivos de esta temporada m\u00e1s deseados.\",\"breadcrumb\":{\"@id\":\"https:\\\/\\\/pablogarrigos.com\\\/vuelven-los-panettones-gourmet-de-pablo-garrigos-ibanez\\\/#breadcrumb\"},\"inLanguage\":\"en-US\",\"potentialAction\":[{\"@type\":\"ReadAction\",\"target\":[\"https:\\\/\\\/pablogarrigos.com\\\/vuelven-los-panettones-gourmet-de-pablo-garrigos-ibanez\\\/\"]}]},{\"@type\":\"ImageObject\",\"inLanguage\":\"en-US\",\"@id\":\"https:\\\/\\\/pablogarrigos.com\\\/vuelven-los-panettones-gourmet-de-pablo-garrigos-ibanez\\\/#primaryimage\",\"url\":\"https:\\\/\\\/pablogarrigos.com\\\/wp-content\\\/uploads\\\/2025\\\/11\\\/p1111656-scaled.jpg\",\"contentUrl\":\"https:\\\/\\\/pablogarrigos.com\\\/wp-content\\\/uploads\\\/2025\\\/11\\\/p1111656-scaled.jpg\",\"width\":2560,\"height\":1442},{\"@type\":\"BreadcrumbList\",\"@id\":\"https:\\\/\\\/pablogarrigos.com\\\/vuelven-los-panettones-gourmet-de-pablo-garrigos-ibanez\\\/#breadcrumb\",\"itemListElement\":[{\"@type\":\"ListItem\",\"position\":1,\"name\":\"Home\",\"item\":\"https:\\\/\\\/pablogarrigos.com\\\/en\\\/\"},{\"@type\":\"ListItem\",\"position\":2,\"name\":\"Vuelven los Panettones Gourmet de Pablo Garrig\u00f3s Ib\u00e1\u00f1ez\"}]},{\"@type\":\"WebSite\",\"@id\":\"https:\\\/\\\/pablogarrigos.com\\\/#website\",\"url\":\"https:\\\/\\\/pablogarrigos.com\\\/\",\"name\":\"Pablo Garrig\u00f3s Iba\u00f1ez\",\"description\":\"El Sentido del Gusto\",\"publisher\":{\"@id\":\"https:\\\/\\\/pablogarrigos.com\\\/#organization\"},\"potentialAction\":[{\"@type\":\"SearchAction\",\"target\":{\"@type\":\"EntryPoint\",\"urlTemplate\":\"https:\\\/\\\/pablogarrigos.com\\\/?s={search_term_string}\"},\"query-input\":{\"@type\":\"PropertyValueSpecification\",\"valueRequired\":true,\"valueName\":\"search_term_string\"}}],\"inLanguage\":\"en-US\"},{\"@type\":\"Organization\",\"@id\":\"https:\\\/\\\/pablogarrigos.com\\\/#organization\",\"name\":\"Pablo Garrig\u00f3s Iba\u00f1ez\",\"url\":\"https:\\\/\\\/pablogarrigos.com\\\/\",\"logo\":{\"@type\":\"ImageObject\",\"inLanguage\":\"en-US\",\"@id\":\"https:\\\/\\\/pablogarrigos.com\\\/#\\\/schema\\\/logo\\\/image\\\/\",\"url\":\"https:\\\/\\\/pablogarrigos.com\\\/wp-content\\\/uploads\\\/2024\\\/02\\\/logo-pablogarrigos.png\",\"contentUrl\":\"https:\\\/\\\/pablogarrigos.com\\\/wp-content\\\/uploads\\\/2024\\\/02\\\/logo-pablogarrigos.png\",\"width\":1247,\"height\":480,\"caption\":\"Pablo Garrig\u00f3s Iba\u00f1ez\"},\"image\":{\"@id\":\"https:\\\/\\\/pablogarrigos.com\\\/#\\\/schema\\\/logo\\\/image\\\/\"}},{\"@type\":\"Person\",\"@id\":\"https:\\\/\\\/pablogarrigos.com\\\/#\\\/schema\\\/person\\\/ebfde91cc20d36643b77bcb450f156c7\",\"name\":\"Andrea\",\"image\":{\"@type\":\"ImageObject\",\"inLanguage\":\"en-US\",\"@id\":\"https:\\\/\\\/secure.gravatar.com\\\/avatar\\\/f562d96dca0497518833c6ac06099c9f416d9a9f4bfc061fa19ec8df0c4ea4b9?s=96&d=mm&r=g\",\"url\":\"https:\\\/\\\/secure.gravatar.com\\\/avatar\\\/f562d96dca0497518833c6ac06099c9f416d9a9f4bfc061fa19ec8df0c4ea4b9?s=96&d=mm&r=g\",\"contentUrl\":\"https:\\\/\\\/secure.gravatar.com\\\/avatar\\\/f562d96dca0497518833c6ac06099c9f416d9a9f4bfc061fa19ec8df0c4ea4b9?s=96&d=mm&r=g\",\"caption\":\"Andrea\"}}]}<\/script>\n<!-- \/ Yoast SEO plugin. -->","yoast_head_json":{"title":"Vuelven los Panettones Gourmet de Pablo Garrig\u00f3s Ib\u00e1\u00f1ez | Pablo Garrig\u00f3s Iba\u00f1ez","description":"Vuelven los Panettones Gourmet de Pablo Garrig\u00f3s Ib\u00e1\u00f1ez, uno de los productos exclusivos de esta temporada m\u00e1s deseados.","robots":{"index":"index","follow":"follow","max-snippet":"max-snippet:-1","max-image-preview":"max-image-preview:large","max-video-preview":"max-video-preview:-1"},"canonical":"https:\/\/pablogarrigos.com\/en\/vuelven-los-panettones-gourmet-de-pablo-garrigos-ibanez\/","og_locale":"en_US","og_type":"article","og_title":"Vuelven los Panettones Gourmet de Pablo Garrig\u00f3s Ib\u00e1\u00f1ez | Pablo Garrig\u00f3s Iba\u00f1ez","og_description":"Vuelven los Panettones Gourmet de Pablo Garrig\u00f3s Ib\u00e1\u00f1ez, uno de los productos exclusivos de esta temporada m\u00e1s deseados.","og_url":"https:\/\/pablogarrigos.com\/en\/vuelven-los-panettones-gourmet-de-pablo-garrigos-ibanez\/","og_site_name":"Pablo Garrig\u00f3s Iba\u00f1ez","article_published_time":"2025-11-30T09:55:11+00:00","og_image":[{"width":2560,"height":1442,"url":"https:\/\/pablogarrigos.com\/wp-content\/uploads\/2025\/11\/p1111656-scaled.jpg","type":"image\/jpeg"}],"author":"Andrea","twitter_card":"summary_large_image","twitter_misc":{"Written by":"Andrea","Est. reading time":"3 minutes"},"schema":{"@context":"https:\/\/schema.org","@graph":[{"@type":"Article","@id":"https:\/\/pablogarrigos.com\/vuelven-los-panettones-gourmet-de-pablo-garrigos-ibanez\/#article","isPartOf":{"@id":"https:\/\/pablogarrigos.com\/vuelven-los-panettones-gourmet-de-pablo-garrigos-ibanez\/"},"author":{"name":"Andrea","@id":"https:\/\/pablogarrigos.com\/#\/schema\/person\/ebfde91cc20d36643b77bcb450f156c7"},"headline":"Vuelven los Panettones Gourmet de Pablo Garrig\u00f3s Ib\u00e1\u00f1ez","datePublished":"2025-11-30T09:55:11+00:00","mainEntityOfPage":{"@id":"https:\/\/pablogarrigos.com\/vuelven-los-panettones-gourmet-de-pablo-garrigos-ibanez\/"},"wordCount":395,"publisher":{"@id":"https:\/\/pablogarrigos.com\/#organization"},"image":{"@id":"https:\/\/pablogarrigos.com\/vuelven-los-panettones-gourmet-de-pablo-garrigos-ibanez\/#primaryimage"},"thumbnailUrl":"https:\/\/pablogarrigos.com\/wp-content\/uploads\/2025\/11\/p1111656-scaled.jpg","keywords":["chocolate","gourmet","Pablo Garrig\u00f3s Ib\u00e1\u00f1ez","Panettone","Pasta de turr\u00f3n de Jijona"],"articleSection":["Actualidad","Blog","Gourmet","Ideas para regalar"],"inLanguage":"en-US"},{"@type":"WebPage","@id":"https:\/\/pablogarrigos.com\/vuelven-los-panettones-gourmet-de-pablo-garrigos-ibanez\/","url":"https:\/\/pablogarrigos.com\/vuelven-los-panettones-gourmet-de-pablo-garrigos-ibanez\/","name":"Vuelven los Panettones Gourmet de Pablo Garrig\u00f3s Ib\u00e1\u00f1ez | Pablo Garrig\u00f3s Iba\u00f1ez","isPartOf":{"@id":"https:\/\/pablogarrigos.com\/#website"},"primaryImageOfPage":{"@id":"https:\/\/pablogarrigos.com\/vuelven-los-panettones-gourmet-de-pablo-garrigos-ibanez\/#primaryimage"},"image":{"@id":"https:\/\/pablogarrigos.com\/vuelven-los-panettones-gourmet-de-pablo-garrigos-ibanez\/#primaryimage"},"thumbnailUrl":"https:\/\/pablogarrigos.com\/wp-content\/uploads\/2025\/11\/p1111656-scaled.jpg","datePublished":"2025-11-30T09:55:11+00:00","description":"Vuelven los Panettones Gourmet de Pablo Garrig\u00f3s Ib\u00e1\u00f1ez, uno de los productos exclusivos de esta temporada m\u00e1s deseados.","breadcrumb":{"@id":"https:\/\/pablogarrigos.com\/vuelven-los-panettones-gourmet-de-pablo-garrigos-ibanez\/#breadcrumb"},"inLanguage":"en-US","potentialAction":[{"@type":"ReadAction","target":["https:\/\/pablogarrigos.com\/vuelven-los-panettones-gourmet-de-pablo-garrigos-ibanez\/"]}]},{"@type":"ImageObject","inLanguage":"en-US","@id":"https:\/\/pablogarrigos.com\/vuelven-los-panettones-gourmet-de-pablo-garrigos-ibanez\/#primaryimage","url":"https:\/\/pablogarrigos.com\/wp-content\/uploads\/2025\/11\/p1111656-scaled.jpg","contentUrl":"https:\/\/pablogarrigos.com\/wp-content\/uploads\/2025\/11\/p1111656-scaled.jpg","width":2560,"height":1442},{"@type":"BreadcrumbList","@id":"https:\/\/pablogarrigos.com\/vuelven-los-panettones-gourmet-de-pablo-garrigos-ibanez\/#breadcrumb","itemListElement":[{"@type":"ListItem","position":1,"name":"Home","item":"https:\/\/pablogarrigos.com\/en\/"},{"@type":"ListItem","position":2,"name":"Vuelven los Panettones Gourmet de Pablo Garrig\u00f3s Ib\u00e1\u00f1ez"}]},{"@type":"WebSite","@id":"https:\/\/pablogarrigos.com\/#website","url":"https:\/\/pablogarrigos.com\/","name":"Pablo Garrig\u00f3s Iba\u00f1ez","description":"The Sense of Taste","publisher":{"@id":"https:\/\/pablogarrigos.com\/#organization"},"potentialAction":[{"@type":"SearchAction","target":{"@type":"EntryPoint","urlTemplate":"https:\/\/pablogarrigos.com\/?s={search_term_string}"},"query-input":{"@type":"PropertyValueSpecification","valueRequired":true,"valueName":"search_term_string"}}],"inLanguage":"en-US"},{"@type":"Organization","@id":"https:\/\/pablogarrigos.com\/#organization","name":"Pablo Garrig\u00f3s Iba\u00f1ez","url":"https:\/\/pablogarrigos.com\/","logo":{"@type":"ImageObject","inLanguage":"en-US","@id":"https:\/\/pablogarrigos.com\/#\/schema\/logo\/image\/","url":"https:\/\/pablogarrigos.com\/wp-content\/uploads\/2024\/02\/logo-pablogarrigos.png","contentUrl":"https:\/\/pablogarrigos.com\/wp-content\/uploads\/2024\/02\/logo-pablogarrigos.png","width":1247,"height":480,"caption":"Pablo Garrig\u00f3s Iba\u00f1ez"},"image":{"@id":"https:\/\/pablogarrigos.com\/#\/schema\/logo\/image\/"}},{"@type":"Person","@id":"https:\/\/pablogarrigos.com\/#\/schema\/person\/ebfde91cc20d36643b77bcb450f156c7","name":"Andrea","image":{"@type":"ImageObject","inLanguage":"en-US","@id":"https:\/\/secure.gravatar.com\/avatar\/f562d96dca0497518833c6ac06099c9f416d9a9f4bfc061fa19ec8df0c4ea4b9?s=96&d=mm&r=g","url":"https:\/\/secure.gravatar.com\/avatar\/f562d96dca0497518833c6ac06099c9f416d9a9f4bfc061fa19ec8df0c4ea4b9?s=96&d=mm&r=g","contentUrl":"https:\/\/secure.gravatar.com\/avatar\/f562d96dca0497518833c6ac06099c9f416d9a9f4bfc061fa19ec8df0c4ea4b9?s=96&d=mm&r=g","caption":"Andrea"}}]}},"_links":{"self":[{"href":"https:\/\/pablogarrigos.com\/en\/wp-json\/wp\/v2\/posts\/5459","targetHints":{"allow":["GET"]}}],"collection":[{"href":"https:\/\/pablogarrigos.com\/en\/wp-json\/wp\/v2\/posts"}],"about":[{"href":"https:\/\/pablogarrigos.com\/en\/wp-json\/wp\/v2\/types\/post"}],"author":[{"embeddable":true,"href":"https:\/\/pablogarrigos.com\/en\/wp-json\/wp\/v2\/users\/4"}],"replies":[{"embeddable":true,"href":"https:\/\/pablogarrigos.com\/en\/wp-json\/wp\/v2\/comments?post=5459"}],"version-history":[{"count":1,"href":"https:\/\/pablogarrigos.com\/en\/wp-json\/wp\/v2\/posts\/5459\/revisions"}],"predecessor-version":[{"id":5463,"href":"https:\/\/pablogarrigos.com\/en\/wp-json\/wp\/v2\/posts\/5459\/revisions\/5463"}],"wp:featuredmedia":[{"embeddable":true,"href":"https:\/\/pablogarrigos.com\/en\/wp-json\/wp\/v2\/media\/5462"}],"wp:attachment":[{"href":"https:\/\/pablogarrigos.com\/en\/wp-json\/wp\/v2\/media?parent=5459"}],"wp:term":[{"taxonomy":"category","embeddable":true,"href":"https:\/\/pablogarrigos.com\/en\/wp-json\/wp\/v2\/categories?post=5459"},{"taxonomy":"post_tag","embeddable":true,"href":"https:\/\/pablogarrigos.com\/en\/wp-json\/wp\/v2\/tags?post=5459"}],"curies":[{"name":"wp","href":"https:\/\/api.w.org\/{rel}","templated":true}]}}