{"id":4033,"date":"2024-06-26T14:05:16","date_gmt":"2024-06-26T12:05:16","guid":{"rendered":"https:\/\/pablogarrigos.com\/?p=4033"},"modified":"2024-06-26T14:05:16","modified_gmt":"2024-06-26T12:05:16","slug":"dulces-y-chocolates-para-un-verano-inolvidable-y-gourmet","status":"publish","type":"post","link":"https:\/\/pablogarrigos.com\/en\/dulces-y-chocolates-para-un-verano-inolvidable-y-gourmet\/","title":{"rendered":"Sweets and chocolates for an unforgettable gourmet summer"},"content":{"rendered":"<p>The <strong>summer <\/strong>is already here. It has knocked on the door and wants to enter our homes and lives with its warmth reflected in a bright sun and in the natural light that gives us the horizon glimpsed in the distance on the sea. At <a href=\"https:\/\/pablogarrigos.com\/en\/\" target=\"_blank\" rel=\"noopener\">Pablo Garrig\u00f3s Ib\u00e1\u00f1ez<\/a> we have set out to enjoy every moment of it. And we want to share this enjoyment with you and with this detailed selection of <strong>sweets and chocolates ideal for the summer season<\/strong>.<\/p>\n<p>For us, the summer period is not only enjoyed on the beach, sunbathing or cooling off in its waters. It is also a date that we mark on the calendar to give our sense of taste a touch of attention with proposals that we can enjoy. <strong>gourmet<\/strong> we have in our catalog.<\/p>\n<h2>Fruits<\/h2>\n<p>Genuine <a href=\"https:\/\/pablogarrigos.com\/en\/chocolates-y-fruites\/fruites-8-variedades-250-g\/\" target=\"_blank\" rel=\"noopener\">fruit\u00e9s<\/a>selected pieces elaborated with <strong>natural pulp of plum, raspberry, strawberry, green apple, peach, mandarin orange, pineapple and grapes<\/strong>. They are like a fresh fragrance, perfect to accompany a good cocktail.<\/p>\n<p>&nbsp;<\/p>\n<p><img fetchpriority=\"high\" decoding=\"async\" class=\"aligncenter wp-image-1494 size-large\" src=\"https:\/\/pablogarrigos.com\/wp-content\/uploads\/2024\/02\/nosotros-principal-inferior-1024x412.jpg\" alt=\"\" width=\"800\" height=\"322\" srcset=\"https:\/\/pablogarrigos.com\/wp-content\/uploads\/2024\/02\/nosotros-principal-inferior-1024x412.jpg 1024w, https:\/\/pablogarrigos.com\/wp-content\/uploads\/2024\/02\/nosotros-principal-inferior-300x121.jpg 300w, https:\/\/pablogarrigos.com\/wp-content\/uploads\/2024\/02\/nosotros-principal-inferior-768x309.jpg 768w, https:\/\/pablogarrigos.com\/wp-content\/uploads\/2024\/02\/nosotros-principal-inferior-1536x618.jpg 1536w, https:\/\/pablogarrigos.com\/wp-content\/uploads\/2024\/02\/nosotros-principal-inferior-600x242.jpg 600w, https:\/\/pablogarrigos.com\/wp-content\/uploads\/2024\/02\/nosotros-principal-inferior.jpg 1920w\" sizes=\"(max-width: 800px) 100vw, 800px\" \/><\/p>\n<h2>Chocolate Moments<\/h2>\n<p>Life is made of little moments that remain in the form of memories. And you will always remember the summer that you sweetened with our <a href=\"https:\/\/pablogarrigos.com\/en\/chocolates-y-fruites\/fruit-chocolates\/chocolate-moments-3-variedades-135gr\/\" target=\"_blank\" rel=\"noopener\">Chocolate Moments<\/a>inspired by the Belgian tradition.<\/p>\n<p><strong>Black, white and milk are the three flavors of chocolate.<\/strong> These small coins are made from these coins, which, in turn, are made from the<strong> seasoned with<\/strong> <strong>natural dehydrated fruits and nuts<\/strong>.<\/p>\n<p><img decoding=\"async\" class=\"aligncenter wp-image-1377 size-large\" src=\"https:\/\/pablogarrigos.com\/wp-content\/uploads\/2024\/02\/Chocolate-Moments-2023_09-2-1024x683.jpg\" alt=\"Chocolate moments\" width=\"800\" height=\"534\" srcset=\"https:\/\/pablogarrigos.com\/wp-content\/uploads\/2024\/02\/Chocolate-Moments-2023_09-2-1024x683.jpg 1024w, https:\/\/pablogarrigos.com\/wp-content\/uploads\/2024\/02\/Chocolate-Moments-2023_09-2-300x200.jpg 300w, https:\/\/pablogarrigos.com\/wp-content\/uploads\/2024\/02\/Chocolate-Moments-2023_09-2-768x512.jpg 768w, https:\/\/pablogarrigos.com\/wp-content\/uploads\/2024\/02\/Chocolate-Moments-2023_09-2-1536x1024.jpg 1536w, https:\/\/pablogarrigos.com\/wp-content\/uploads\/2024\/02\/Chocolate-Moments-2023_09-2-2048x1365.jpg 2048w, https:\/\/pablogarrigos.com\/wp-content\/uploads\/2024\/02\/Chocolate-Moments-2023_09-2-600x400.jpg 600w\" sizes=\"(max-width: 800px) 100vw, 800px\" \/><\/p>\n<h2>Lemon &amp; Caramel Chocolate Vintage<\/h2>\n<p>Lemon is one of the citrus fruits that combine perfectly with chocolate, providing its acid touch without taking away the sweetness.<\/p>\n<p>This merger gave rise to the <a href=\"https:\/\/pablogarrigos.com\/en\/chocolates-y-fruites\/chocolate-vintage\/lemon-caramel-chocolate-vintage-125-gr\/\" target=\"_blank\" rel=\"noopener\">Lemon &amp; Caramel Chocolate Vintage<\/a> from <strong>Pablo Garrig\u00f3s Ib\u00e1\u00f1ez<\/strong>. It is a bonbon made with candied lemon peel and caramel chocolate coating.<\/p>\n<p>It is a magnificent proposal to culminate a summer moonlight dinner.<\/p>\n<p><img decoding=\"async\" class=\"aligncenter wp-image-1379 size-large\" src=\"https:\/\/pablogarrigos.com\/wp-content\/uploads\/2024\/02\/Lemon-Caramel-Chocolate-2023_09-3-scaled-1-1024x668.jpg\" alt=\"Turrones y dulces para una cesta de Navidad gourmet\" width=\"800\" height=\"522\" srcset=\"https:\/\/pablogarrigos.com\/wp-content\/uploads\/2024\/02\/Lemon-Caramel-Chocolate-2023_09-3-scaled-1-1024x668.jpg 1024w, https:\/\/pablogarrigos.com\/wp-content\/uploads\/2024\/02\/Lemon-Caramel-Chocolate-2023_09-3-scaled-1-300x196.jpg 300w, https:\/\/pablogarrigos.com\/wp-content\/uploads\/2024\/02\/Lemon-Caramel-Chocolate-2023_09-3-scaled-1-768x501.jpg 768w, https:\/\/pablogarrigos.com\/wp-content\/uploads\/2024\/02\/Lemon-Caramel-Chocolate-2023_09-3-scaled-1-1536x1002.jpg 1536w, https:\/\/pablogarrigos.com\/wp-content\/uploads\/2024\/02\/Lemon-Caramel-Chocolate-2023_09-3-scaled-1-2048x1336.jpg 2048w, https:\/\/pablogarrigos.com\/wp-content\/uploads\/2024\/02\/Lemon-Caramel-Chocolate-2023_09-3-scaled-1-600x391.jpg 600w\" sizes=\"(max-width: 800px) 100vw, 800px\" \/><\/p>\n<p>With these <strong>select sweets and chocolates for gourmet palates<\/strong> you will make this summer of 2024 unforgettable.<\/p>","protected":false},"excerpt":{"rendered":"<p>El verano ya est\u00e1 aqu\u00ed. Ha tocado a la puerta y quiere entrar en nuestras casas y vidas con su calor reflejado en un sol brillante y en la luz natural que nos regala el horizonte que se vislumbra a lo lejos en el mar. En Pablo Garrig\u00f3s Ib\u00e1\u00f1ez nos hemos propuesto disfrutarlo a cada [&hellip;]<\/p>\n","protected":false},"author":3,"featured_media":2136,"comment_status":"closed","ping_status":"closed","sticky":false,"template":"","format":"standard","meta":{"_acf_changed":false,"inline_featured_image":false,"footnotes":""},"categories":[1],"tags":[],"class_list":["post-4033","post","type-post","status-publish","format-standard","has-post-thumbnail","hentry","category-blog"],"acf":[],"yoast_head":"<!-- This site is optimized with the Yoast SEO plugin v27.4 - https:\/\/yoast.com\/product\/yoast-seo-wordpress\/ -->\n<title>Dulces y chocolates para un verano inolvidable y gourmet | Pablo Garrig\u00f3s Iba\u00f1ez<\/title>\n<meta name=\"description\" content=\"Disfruta del verano de 2024 con dulces y chocolates gourmet que te acompa\u00f1en en momentos especiales: fruit\u00e9s, chocolate moments...\" \/>\n<meta name=\"robots\" content=\"index, follow, max-snippet:-1, max-image-preview:large, max-video-preview:-1\" \/>\n<link rel=\"canonical\" href=\"https:\/\/pablogarrigos.com\/en\/dulces-y-chocolates-para-un-verano-inolvidable-y-gourmet\/\" \/>\n<meta property=\"og:locale\" content=\"en_US\" \/>\n<meta property=\"og:type\" content=\"article\" \/>\n<meta property=\"og:title\" content=\"Dulces y chocolates para un verano inolvidable y gourmet | Pablo Garrig\u00f3s Iba\u00f1ez\" \/>\n<meta property=\"og:description\" content=\"Disfruta del verano de 2024 con dulces y chocolates gourmet que te acompa\u00f1en en momentos especiales: fruit\u00e9s, chocolate moments...\" \/>\n<meta property=\"og:url\" content=\"https:\/\/pablogarrigos.com\/en\/dulces-y-chocolates-para-un-verano-inolvidable-y-gourmet\/\" \/>\n<meta property=\"og:site_name\" content=\"Pablo Garrig\u00f3s Iba\u00f1ez\" \/>\n<meta property=\"article:published_time\" content=\"2024-06-26T12:05:16+00:00\" \/>\n<meta property=\"og:image\" content=\"https:\/\/pablogarrigos.com\/wp-content\/uploads\/2024\/05\/2024_03-Fruites-1-800x800-1.jpg\" \/>\n\t<meta property=\"og:image:width\" content=\"800\" \/>\n\t<meta property=\"og:image:height\" content=\"800\" \/>\n\t<meta property=\"og:image:type\" content=\"image\/jpeg\" \/>\n<meta name=\"author\" content=\"David\" \/>\n<meta name=\"twitter:card\" content=\"summary_large_image\" \/>\n<meta name=\"twitter:label1\" content=\"Written by\" \/>\n\t<meta name=\"twitter:data1\" content=\"David\" \/>\n\t<meta name=\"twitter:label2\" content=\"Est. reading time\" \/>\n\t<meta name=\"twitter:data2\" content=\"3 minutes\" \/>\n<script type=\"application\/ld+json\" class=\"yoast-schema-graph\">{\"@context\":\"https:\\\/\\\/schema.org\",\"@graph\":[{\"@type\":\"Article\",\"@id\":\"https:\\\/\\\/pablogarrigos.com\\\/dulces-y-chocolates-para-un-verano-inolvidable-y-gourmet\\\/#article\",\"isPartOf\":{\"@id\":\"https:\\\/\\\/pablogarrigos.com\\\/dulces-y-chocolates-para-un-verano-inolvidable-y-gourmet\\\/\"},\"author\":{\"name\":\"David\",\"@id\":\"https:\\\/\\\/pablogarrigos.com\\\/#\\\/schema\\\/person\\\/7d51a93f2a2b5b41fa539ed92ae3927c\"},\"headline\":\"Dulces y chocolates para un verano inolvidable y gourmet\",\"datePublished\":\"2024-06-26T12:05:16+00:00\",\"mainEntityOfPage\":{\"@id\":\"https:\\\/\\\/pablogarrigos.com\\\/dulces-y-chocolates-para-un-verano-inolvidable-y-gourmet\\\/\"},\"wordCount\":357,\"publisher\":{\"@id\":\"https:\\\/\\\/pablogarrigos.com\\\/#organization\"},\"image\":{\"@id\":\"https:\\\/\\\/pablogarrigos.com\\\/dulces-y-chocolates-para-un-verano-inolvidable-y-gourmet\\\/#primaryimage\"},\"thumbnailUrl\":\"https:\\\/\\\/pablogarrigos.com\\\/wp-content\\\/uploads\\\/2024\\\/05\\\/2024_03-Fruites-1-800x800-1.jpg\",\"articleSection\":[\"Blog\"],\"inLanguage\":\"en-US\"},{\"@type\":\"WebPage\",\"@id\":\"https:\\\/\\\/pablogarrigos.com\\\/dulces-y-chocolates-para-un-verano-inolvidable-y-gourmet\\\/\",\"url\":\"https:\\\/\\\/pablogarrigos.com\\\/dulces-y-chocolates-para-un-verano-inolvidable-y-gourmet\\\/\",\"name\":\"Dulces y chocolates para un verano inolvidable y gourmet | Pablo Garrig\u00f3s Iba\u00f1ez\",\"isPartOf\":{\"@id\":\"https:\\\/\\\/pablogarrigos.com\\\/#website\"},\"primaryImageOfPage\":{\"@id\":\"https:\\\/\\\/pablogarrigos.com\\\/dulces-y-chocolates-para-un-verano-inolvidable-y-gourmet\\\/#primaryimage\"},\"image\":{\"@id\":\"https:\\\/\\\/pablogarrigos.com\\\/dulces-y-chocolates-para-un-verano-inolvidable-y-gourmet\\\/#primaryimage\"},\"thumbnailUrl\":\"https:\\\/\\\/pablogarrigos.com\\\/wp-content\\\/uploads\\\/2024\\\/05\\\/2024_03-Fruites-1-800x800-1.jpg\",\"datePublished\":\"2024-06-26T12:05:16+00:00\",\"description\":\"Disfruta del verano de 2024 con dulces y chocolates gourmet que te acompa\u00f1en en momentos especiales: fruit\u00e9s, chocolate moments...\",\"breadcrumb\":{\"@id\":\"https:\\\/\\\/pablogarrigos.com\\\/dulces-y-chocolates-para-un-verano-inolvidable-y-gourmet\\\/#breadcrumb\"},\"inLanguage\":\"en-US\",\"potentialAction\":[{\"@type\":\"ReadAction\",\"target\":[\"https:\\\/\\\/pablogarrigos.com\\\/dulces-y-chocolates-para-un-verano-inolvidable-y-gourmet\\\/\"]}]},{\"@type\":\"ImageObject\",\"inLanguage\":\"en-US\",\"@id\":\"https:\\\/\\\/pablogarrigos.com\\\/dulces-y-chocolates-para-un-verano-inolvidable-y-gourmet\\\/#primaryimage\",\"url\":\"https:\\\/\\\/pablogarrigos.com\\\/wp-content\\\/uploads\\\/2024\\\/05\\\/2024_03-Fruites-1-800x800-1.jpg\",\"contentUrl\":\"https:\\\/\\\/pablogarrigos.com\\\/wp-content\\\/uploads\\\/2024\\\/05\\\/2024_03-Fruites-1-800x800-1.jpg\",\"width\":800,\"height\":800},{\"@type\":\"BreadcrumbList\",\"@id\":\"https:\\\/\\\/pablogarrigos.com\\\/dulces-y-chocolates-para-un-verano-inolvidable-y-gourmet\\\/#breadcrumb\",\"itemListElement\":[{\"@type\":\"ListItem\",\"position\":1,\"name\":\"Home\",\"item\":\"https:\\\/\\\/pablogarrigos.com\\\/en\\\/\"},{\"@type\":\"ListItem\",\"position\":2,\"name\":\"Dulces y chocolates para un verano inolvidable y gourmet\"}]},{\"@type\":\"WebSite\",\"@id\":\"https:\\\/\\\/pablogarrigos.com\\\/#website\",\"url\":\"https:\\\/\\\/pablogarrigos.com\\\/\",\"name\":\"Pablo Garrig\u00f3s Iba\u00f1ez\",\"description\":\"El Sentido del Gusto\",\"publisher\":{\"@id\":\"https:\\\/\\\/pablogarrigos.com\\\/#organization\"},\"potentialAction\":[{\"@type\":\"SearchAction\",\"target\":{\"@type\":\"EntryPoint\",\"urlTemplate\":\"https:\\\/\\\/pablogarrigos.com\\\/?s={search_term_string}\"},\"query-input\":{\"@type\":\"PropertyValueSpecification\",\"valueRequired\":true,\"valueName\":\"search_term_string\"}}],\"inLanguage\":\"en-US\"},{\"@type\":\"Organization\",\"@id\":\"https:\\\/\\\/pablogarrigos.com\\\/#organization\",\"name\":\"Pablo Garrig\u00f3s Iba\u00f1ez\",\"url\":\"https:\\\/\\\/pablogarrigos.com\\\/\",\"logo\":{\"@type\":\"ImageObject\",\"inLanguage\":\"en-US\",\"@id\":\"https:\\\/\\\/pablogarrigos.com\\\/#\\\/schema\\\/logo\\\/image\\\/\",\"url\":\"https:\\\/\\\/pablogarrigos.com\\\/wp-content\\\/uploads\\\/2024\\\/02\\\/logo-pablogarrigos.png\",\"contentUrl\":\"https:\\\/\\\/pablogarrigos.com\\\/wp-content\\\/uploads\\\/2024\\\/02\\\/logo-pablogarrigos.png\",\"width\":1247,\"height\":480,\"caption\":\"Pablo Garrig\u00f3s Iba\u00f1ez\"},\"image\":{\"@id\":\"https:\\\/\\\/pablogarrigos.com\\\/#\\\/schema\\\/logo\\\/image\\\/\"}},{\"@type\":\"Person\",\"@id\":\"https:\\\/\\\/pablogarrigos.com\\\/#\\\/schema\\\/person\\\/7d51a93f2a2b5b41fa539ed92ae3927c\",\"name\":\"David\",\"image\":{\"@type\":\"ImageObject\",\"inLanguage\":\"en-US\",\"@id\":\"https:\\\/\\\/secure.gravatar.com\\\/avatar\\\/a15f05b103de9feb27789c7b96f8d902aaeca93a202c78ed126332b4d8f1a949?s=96&d=mm&r=g\",\"url\":\"https:\\\/\\\/secure.gravatar.com\\\/avatar\\\/a15f05b103de9feb27789c7b96f8d902aaeca93a202c78ed126332b4d8f1a949?s=96&d=mm&r=g\",\"contentUrl\":\"https:\\\/\\\/secure.gravatar.com\\\/avatar\\\/a15f05b103de9feb27789c7b96f8d902aaeca93a202c78ed126332b4d8f1a949?s=96&d=mm&r=g\",\"caption\":\"David\"}}]}<\/script>\n<!-- \/ Yoast SEO plugin. -->","yoast_head_json":{"title":"Sweets and chocolates for an unforgettable and gourmet summer | Pablo Garrig\u00f3s Iba\u00f1ez","description":"Enjoy the summer of 2024 with gourmet sweets and chocolates to accompany you in special moments: fruit\u00e9s, chocolate moments...","robots":{"index":"index","follow":"follow","max-snippet":"max-snippet:-1","max-image-preview":"max-image-preview:large","max-video-preview":"max-video-preview:-1"},"canonical":"https:\/\/pablogarrigos.com\/en\/dulces-y-chocolates-para-un-verano-inolvidable-y-gourmet\/","og_locale":"en_US","og_type":"article","og_title":"Dulces y chocolates para un verano inolvidable y gourmet | Pablo Garrig\u00f3s Iba\u00f1ez","og_description":"Disfruta del verano de 2024 con dulces y chocolates gourmet que te acompa\u00f1en en momentos especiales: fruit\u00e9s, chocolate moments...","og_url":"https:\/\/pablogarrigos.com\/en\/dulces-y-chocolates-para-un-verano-inolvidable-y-gourmet\/","og_site_name":"Pablo Garrig\u00f3s Iba\u00f1ez","article_published_time":"2024-06-26T12:05:16+00:00","og_image":[{"width":800,"height":800,"url":"https:\/\/pablogarrigos.com\/wp-content\/uploads\/2024\/05\/2024_03-Fruites-1-800x800-1.jpg","type":"image\/jpeg"}],"author":"David","twitter_card":"summary_large_image","twitter_misc":{"Written by":"David","Est. reading time":"3 minutes"},"schema":{"@context":"https:\/\/schema.org","@graph":[{"@type":"Article","@id":"https:\/\/pablogarrigos.com\/dulces-y-chocolates-para-un-verano-inolvidable-y-gourmet\/#article","isPartOf":{"@id":"https:\/\/pablogarrigos.com\/dulces-y-chocolates-para-un-verano-inolvidable-y-gourmet\/"},"author":{"name":"David","@id":"https:\/\/pablogarrigos.com\/#\/schema\/person\/7d51a93f2a2b5b41fa539ed92ae3927c"},"headline":"Dulces y chocolates para un verano inolvidable y gourmet","datePublished":"2024-06-26T12:05:16+00:00","mainEntityOfPage":{"@id":"https:\/\/pablogarrigos.com\/dulces-y-chocolates-para-un-verano-inolvidable-y-gourmet\/"},"wordCount":357,"publisher":{"@id":"https:\/\/pablogarrigos.com\/#organization"},"image":{"@id":"https:\/\/pablogarrigos.com\/dulces-y-chocolates-para-un-verano-inolvidable-y-gourmet\/#primaryimage"},"thumbnailUrl":"https:\/\/pablogarrigos.com\/wp-content\/uploads\/2024\/05\/2024_03-Fruites-1-800x800-1.jpg","articleSection":["Blog"],"inLanguage":"en-US"},{"@type":"WebPage","@id":"https:\/\/pablogarrigos.com\/dulces-y-chocolates-para-un-verano-inolvidable-y-gourmet\/","url":"https:\/\/pablogarrigos.com\/dulces-y-chocolates-para-un-verano-inolvidable-y-gourmet\/","name":"Sweets and chocolates for an unforgettable and gourmet summer | Pablo Garrig\u00f3s Iba\u00f1ez","isPartOf":{"@id":"https:\/\/pablogarrigos.com\/#website"},"primaryImageOfPage":{"@id":"https:\/\/pablogarrigos.com\/dulces-y-chocolates-para-un-verano-inolvidable-y-gourmet\/#primaryimage"},"image":{"@id":"https:\/\/pablogarrigos.com\/dulces-y-chocolates-para-un-verano-inolvidable-y-gourmet\/#primaryimage"},"thumbnailUrl":"https:\/\/pablogarrigos.com\/wp-content\/uploads\/2024\/05\/2024_03-Fruites-1-800x800-1.jpg","datePublished":"2024-06-26T12:05:16+00:00","description":"Enjoy the summer of 2024 with gourmet sweets and chocolates to accompany you in special moments: fruit\u00e9s, chocolate moments...","breadcrumb":{"@id":"https:\/\/pablogarrigos.com\/dulces-y-chocolates-para-un-verano-inolvidable-y-gourmet\/#breadcrumb"},"inLanguage":"en-US","potentialAction":[{"@type":"ReadAction","target":["https:\/\/pablogarrigos.com\/dulces-y-chocolates-para-un-verano-inolvidable-y-gourmet\/"]}]},{"@type":"ImageObject","inLanguage":"en-US","@id":"https:\/\/pablogarrigos.com\/dulces-y-chocolates-para-un-verano-inolvidable-y-gourmet\/#primaryimage","url":"https:\/\/pablogarrigos.com\/wp-content\/uploads\/2024\/05\/2024_03-Fruites-1-800x800-1.jpg","contentUrl":"https:\/\/pablogarrigos.com\/wp-content\/uploads\/2024\/05\/2024_03-Fruites-1-800x800-1.jpg","width":800,"height":800},{"@type":"BreadcrumbList","@id":"https:\/\/pablogarrigos.com\/dulces-y-chocolates-para-un-verano-inolvidable-y-gourmet\/#breadcrumb","itemListElement":[{"@type":"ListItem","position":1,"name":"Home","item":"https:\/\/pablogarrigos.com\/en\/"},{"@type":"ListItem","position":2,"name":"Dulces y chocolates para un verano inolvidable y gourmet"}]},{"@type":"WebSite","@id":"https:\/\/pablogarrigos.com\/#website","url":"https:\/\/pablogarrigos.com\/","name":"Pablo Garrig\u00f3s Iba\u00f1ez","description":"The Sense of Taste","publisher":{"@id":"https:\/\/pablogarrigos.com\/#organization"},"potentialAction":[{"@type":"SearchAction","target":{"@type":"EntryPoint","urlTemplate":"https:\/\/pablogarrigos.com\/?s={search_term_string}"},"query-input":{"@type":"PropertyValueSpecification","valueRequired":true,"valueName":"search_term_string"}}],"inLanguage":"en-US"},{"@type":"Organization","@id":"https:\/\/pablogarrigos.com\/#organization","name":"Pablo Garrig\u00f3s Iba\u00f1ez","url":"https:\/\/pablogarrigos.com\/","logo":{"@type":"ImageObject","inLanguage":"en-US","@id":"https:\/\/pablogarrigos.com\/#\/schema\/logo\/image\/","url":"https:\/\/pablogarrigos.com\/wp-content\/uploads\/2024\/02\/logo-pablogarrigos.png","contentUrl":"https:\/\/pablogarrigos.com\/wp-content\/uploads\/2024\/02\/logo-pablogarrigos.png","width":1247,"height":480,"caption":"Pablo Garrig\u00f3s Iba\u00f1ez"},"image":{"@id":"https:\/\/pablogarrigos.com\/#\/schema\/logo\/image\/"}},{"@type":"Person","@id":"https:\/\/pablogarrigos.com\/#\/schema\/person\/7d51a93f2a2b5b41fa539ed92ae3927c","name":"David","image":{"@type":"ImageObject","inLanguage":"en-US","@id":"https:\/\/secure.gravatar.com\/avatar\/a15f05b103de9feb27789c7b96f8d902aaeca93a202c78ed126332b4d8f1a949?s=96&d=mm&r=g","url":"https:\/\/secure.gravatar.com\/avatar\/a15f05b103de9feb27789c7b96f8d902aaeca93a202c78ed126332b4d8f1a949?s=96&d=mm&r=g","contentUrl":"https:\/\/secure.gravatar.com\/avatar\/a15f05b103de9feb27789c7b96f8d902aaeca93a202c78ed126332b4d8f1a949?s=96&d=mm&r=g","caption":"David"}}]}},"_links":{"self":[{"href":"https:\/\/pablogarrigos.com\/en\/wp-json\/wp\/v2\/posts\/4033","targetHints":{"allow":["GET"]}}],"collection":[{"href":"https:\/\/pablogarrigos.com\/en\/wp-json\/wp\/v2\/posts"}],"about":[{"href":"https:\/\/pablogarrigos.com\/en\/wp-json\/wp\/v2\/types\/post"}],"author":[{"embeddable":true,"href":"https:\/\/pablogarrigos.com\/en\/wp-json\/wp\/v2\/users\/3"}],"replies":[{"embeddable":true,"href":"https:\/\/pablogarrigos.com\/en\/wp-json\/wp\/v2\/comments?post=4033"}],"version-history":[{"count":3,"href":"https:\/\/pablogarrigos.com\/en\/wp-json\/wp\/v2\/posts\/4033\/revisions"}],"predecessor-version":[{"id":4037,"href":"https:\/\/pablogarrigos.com\/en\/wp-json\/wp\/v2\/posts\/4033\/revisions\/4037"}],"wp:featuredmedia":[{"embeddable":true,"href":"https:\/\/pablogarrigos.com\/en\/wp-json\/wp\/v2\/media\/2136"}],"wp:attachment":[{"href":"https:\/\/pablogarrigos.com\/en\/wp-json\/wp\/v2\/media?parent=4033"}],"wp:term":[{"taxonomy":"category","embeddable":true,"href":"https:\/\/pablogarrigos.com\/en\/wp-json\/wp\/v2\/categories?post=4033"},{"taxonomy":"post_tag","embeddable":true,"href":"https:\/\/pablogarrigos.com\/en\/wp-json\/wp\/v2\/tags?post=4033"}],"curies":[{"name":"wp","href":"https:\/\/api.w.org\/{rel}","templated":true}]}}